{"id":76042,"date":"2025-12-23T12:14:49","date_gmt":"2025-12-23T09:14:49","guid":{"rendered":"https:\/\/www.egemtv.com\/?p=76042"},"modified":"2025-12-23T12:14:50","modified_gmt":"2025-12-23T09:14:50","slug":"karsiyaka-devre-arasina-galibiyetle-girdi","status":"publish","type":"post","link":"https:\/\/www.egemtv.com\/?p=76042","title":{"rendered":"Kar\u015f\u0131yaka devre aras\u0131na galibiyetle girdi"},"content":{"rendered":"<p>Kar\u015f\u0131yaka, TFF 3. Lig 4. Grup\u2019ta ilk devrenin son ma\u00e7\u0131nda Tire 2021 FK\u2019y\u0131 2-1 ma\u011flup ederek araya galibiyetle girdi.<br \/>\n<br \/>TFF 3. Lig 4. Grup\u2019ta m\u00fccadele eden Kar\u015f\u0131yaka, ligin ilk yar\u0131s\u0131n\u0131 galibiyetle kapatmay\u0131 ba\u015fard\u0131. Devrenin son kar\u015f\u0131la\u015fmas\u0131 olan 15. hafta m\u00fccadelesinde bir di\u011fer \u0130zmir temsilcisi Tire 2021 FK\u2019y\u0131 konuk eden ye\u015fil-k\u0131rm\u0131z\u0131l\u0131lar, 1-0 geriye d\u00fc\u015ft\u00fc\u011f\u00fc ma\u00e7ta skoru 2-1\u2019e \u00e7evirerek sahadan galibiyetle ayr\u0131ld\u0131.<br \/>\n<br \/>Bu sonu\u00e7la puan\u0131n\u0131 36\u2019ya y\u00fckselten Kaf-Kaf, lider Belediye K\u00fctahyasspor\u2019u 2 puan geriden takibini s\u00fcrd\u00fcrd\u00fc. Kar\u015f\u0131yaka\u2019n\u0131n devre aras\u0131nda kadrosunu g\u00fc\u00e7lendirmek ve eksik b\u00f6lgeleri tamamlamak ad\u0131na yo\u011fun bir \u00e7al\u0131\u015fma yapaca\u011f\u0131 \u00f6\u011frenilirken, Teknik Direkt\u00f6r Burhanettin Basatem\u00fcr\u2019\u00fcn \u00f6zellikle h\u00fccum hatt\u0131na \u00fcretken bir oyuncu talep etti\u011fi belirtildi. Ye\u015fil-k\u0131rm\u0131z\u0131l\u0131lar\u0131n ara transfer d\u00f6neminde 2-3 takviye yapmas\u0131 bekleniyor.<\/p>\n<p>En ba\u015far\u0131l\u0131 i\u00e7 saha tak\u0131m\u0131<br \/>\n<br \/>Kar\u015f\u0131yaka, ligin ilk devresinde taraftar\u0131n\u0131n \u00f6n\u00fcnde sergiledi\u011fi performansla \u00f6nemli bir ba\u015far\u0131ya imza att\u0131. Bu s\u00fcre\u00e7te 8 ma\u00e7a \u00e7\u0131kan ye\u015fil-k\u0131rm\u0131z\u0131l\u0131lar, 7 galibiyet ve 1 beraberlik elde etti. B\u00f6ylece 22 puan toplamay\u0131 ba\u015faran \u0130zmir ekibi, bu alanda ligin en iyi tak\u0131m\u0131 olmay\u0131 ba\u015fard\u0131. Ye\u015fil-k\u0131rm\u0131z\u0131l\u0131lar, i\u00e7 sahadaki bu performans\u0131n\u0131 ligin ikinci yar\u0131s\u0131nda da s\u00fcrd\u00fcrmeyi hedefliyor.<\/p>\n<p>\u0130lk devrede 1 kez kaybetti<br \/>\n<br \/>Bu sezon sergiledi\u011fi istikrarl\u0131 performansla dikkat \u00e7eken Kar\u015f\u0131yaka, ilk 15 ma\u00e7l\u0131k periyotta yaln\u0131zca Eski\u015fehirspor deplasman\u0131nda ma\u011flubiyet ya\u015fad\u0131. Ye\u015fil-k\u0131rm\u0131z\u0131l\u0131lar, bu s\u00fcre\u00e7te elde etti\u011fi 11 galibiyet ve 3 beraberlikle 36 puana ula\u015ft\u0131. \u0130zmir temsilcisi, ligin ikinci yar\u0131s\u0131n\u0131n ikinci haftas\u0131nda Belediye K\u00fctahyaspor\u2019u sahas\u0131nda a\u011f\u0131rlayacak ve bu kar\u015f\u0131la\u015fmadan galibiyetle ayr\u0131larak liderlik koltu\u011funu yeniden ele ge\u00e7irmeyi hedefliyor.<br \/><\/p>\n","protected":false},"excerpt":{"rendered":"<p>Kar\u015f\u0131yaka, TFF 3. Lig 4. Grup\u2019ta ilk devrenin son ma\u00e7\u0131nda Tire 2021 FK\u2019y\u0131 2-1 ma\u011flup ederek araya galibiyetle girdi. TFF 3. Lig 4. Grup\u2019ta m\u00fccadele eden Kar\u015f\u0131yaka, ligin ilk yar\u0131s\u0131n\u0131 galibiyetle kapatmay\u0131 ba\u015fard\u0131. Devrenin son kar\u015f\u0131la\u015fmas\u0131 olan 15. hafta m\u00fccadelesinde bir di\u011fer \u0130zmir temsilcisi Tire 2021 FK\u2019y\u0131 konuk eden ye\u015fil-k\u0131rm\u0131z\u0131l\u0131lar, 1-0 geriye d\u00fc\u015ft\u00fc\u011f\u00fc ma\u00e7ta skoru&#8230;<\/p>\n","protected":false},"author":1,"featured_media":76043,"comment_status":"open","ping_status":"open","sticky":false,"template":"","format":"standard","meta":{"_crdt_document":"","footnotes":""},"categories":[4],"tags":[],"class_list":["post-76042","post","type-post","status-publish","format-standard","has-post-thumbnail","hentry","category-spor"],"_links":{"self":[{"href":"https:\/\/www.egemtv.com\/index.php?rest_route=\/wp\/v2\/posts\/76042","targetHints":{"allow":["GET"]}}],"collection":[{"href":"https:\/\/www.egemtv.com\/index.php?rest_route=\/wp\/v2\/posts"}],"about":[{"href":"https:\/\/www.egemtv.com\/index.php?rest_route=\/wp\/v2\/types\/post"}],"author":[{"embeddable":true,"href":"https:\/\/www.egemtv.com\/index.php?rest_route=\/wp\/v2\/users\/1"}],"replies":[{"embeddable":true,"href":"https:\/\/www.egemtv.com\/index.php?rest_route=%2Fwp%2Fv2%2Fcomments&post=76042"}],"version-history":[{"count":1,"href":"https:\/\/www.egemtv.com\/index.php?rest_route=\/wp\/v2\/posts\/76042\/revisions"}],"predecessor-version":[{"id":76044,"href":"https:\/\/www.egemtv.com\/index.php?rest_route=\/wp\/v2\/posts\/76042\/revisions\/76044"}],"wp:featuredmedia":[{"embeddable":true,"href":"https:\/\/www.egemtv.com\/index.php?rest_route=\/wp\/v2\/media\/76043"}],"wp:attachment":[{"href":"https:\/\/www.egemtv.com\/index.php?rest_route=%2Fwp%2Fv2%2Fmedia&parent=76042"}],"wp:term":[{"taxonomy":"category","embeddable":true,"href":"https:\/\/www.egemtv.com\/index.php?rest_route=%2Fwp%2Fv2%2Fcategories&post=76042"},{"taxonomy":"post_tag","embeddable":true,"href":"https:\/\/www.egemtv.com\/index.php?rest_route=%2Fwp%2Fv2%2Ftags&post=76042"}],"curies":[{"name":"wp","href":"https:\/\/api.w.org\/{rel}","templated":true}]}}