{"id":76039,"date":"2025-12-23T11:55:00","date_gmt":"2025-12-23T08:55:00","guid":{"rendered":"https:\/\/www.egemtv.com\/?p=76039"},"modified":"2025-12-23T11:55:01","modified_gmt":"2025-12-23T08:55:01","slug":"umraniye-koyluleri-300-adet-fidani-okul-ve-camii-bahcesine-diktiler","status":"publish","type":"post","link":"https:\/\/www.egemtv.com\/?p=76039","title":{"rendered":"Umraniye k\u00f6yl\u00fcleri 300 adet fidan\u0131 okul ve camii bah\u00e7esine diktiler"},"content":{"rendered":"<p>Emirda\u011f il\u00e7esine ba\u011fl\u0131 Umraniye k\u00f6y\u00fcnde ya\u015fayan vatanda\u015flar, imece usul\u00fc \u00e7al\u0131\u015farak hep birlikte g\u00f6n\u00fcll\u00fc olarak 300 fidan\u0131 okul ve camii bah\u00e7esine  diktiler.<br \/>\n<br \/>Umraniye K\u00f6y\u00fc Muhtar\u0131 Enver Temel, \u2018\u2019Umraniye k\u00f6y\u00fcm\u00fcz\u00fc a\u011fa\u00e7land\u0131rmak i\u00e7in k\u00f6yl\u00fclerimiz; g\u00f6n\u00fcll\u00fc \u00e7al\u0131\u015farak okulumuz bah\u00e7esine ve camimizin bah\u00e7esine 300 tane fidan\u0131n topraktaki \u00e7ukurunu a\u00e7t\u0131k. Ceviz, \u0131hlamur fidan\u0131 ve \u00e7am fidanlar\u0131n\u0131 s\u0131ra ile hep birlikte diktik. Eski\u015fehir\u2019de ya\u015fayan Umraniyeki k\u00f6yl\u00fclerimiz de fidan dikmeye katk\u0131da bulundular. Amac\u0131m\u0131z, k\u00f6y\u00fcm\u00fcz\u00fc a\u011fa\u00e7land\u0131rmakt\u0131r. A\u011fa\u00e7land\u0131r\u0131lan k\u00f6y\u00fcm\u00fcze, ya\u011fmurun daha fazla ya\u011fmas\u0131n\u0131 bekliyoruz ve d\u00fc\u015f\u00fcn\u00fcyoruz\u2019\u2019 dedi.<br \/><\/p>\n","protected":false},"excerpt":{"rendered":"<p>Emirda\u011f il\u00e7esine ba\u011fl\u0131 Umraniye k\u00f6y\u00fcnde ya\u015fayan vatanda\u015flar, imece usul\u00fc \u00e7al\u0131\u015farak hep birlikte g\u00f6n\u00fcll\u00fc olarak 300 fidan\u0131 okul ve camii bah\u00e7esine diktiler. Umraniye K\u00f6y\u00fc Muhtar\u0131 Enver Temel, \u2018\u2019Umraniye k\u00f6y\u00fcm\u00fcz\u00fc a\u011fa\u00e7land\u0131rmak i\u00e7in k\u00f6yl\u00fclerimiz; g\u00f6n\u00fcll\u00fc \u00e7al\u0131\u015farak okulumuz bah\u00e7esine ve camimizin bah\u00e7esine 300 tane fidan\u0131n topraktaki \u00e7ukurunu a\u00e7t\u0131k. Ceviz, \u0131hlamur fidan\u0131 ve \u00e7am fidanlar\u0131n\u0131 s\u0131ra ile hep birlikte diktik&#8230;.<\/p>\n","protected":false},"author":1,"featured_media":76040,"comment_status":"open","ping_status":"open","sticky":false,"template":"","format":"standard","meta":{"_crdt_document":"","footnotes":""},"categories":[1],"tags":[],"class_list":["post-76039","post","type-post","status-publish","format-standard","has-post-thumbnail","hentry","category-guncel"],"_links":{"self":[{"href":"https:\/\/www.egemtv.com\/index.php?rest_route=\/wp\/v2\/posts\/76039","targetHints":{"allow":["GET"]}}],"collection":[{"href":"https:\/\/www.egemtv.com\/index.php?rest_route=\/wp\/v2\/posts"}],"about":[{"href":"https:\/\/www.egemtv.com\/index.php?rest_route=\/wp\/v2\/types\/post"}],"author":[{"embeddable":true,"href":"https:\/\/www.egemtv.com\/index.php?rest_route=\/wp\/v2\/users\/1"}],"replies":[{"embeddable":true,"href":"https:\/\/www.egemtv.com\/index.php?rest_route=%2Fwp%2Fv2%2Fcomments&post=76039"}],"version-history":[{"count":1,"href":"https:\/\/www.egemtv.com\/index.php?rest_route=\/wp\/v2\/posts\/76039\/revisions"}],"predecessor-version":[{"id":76041,"href":"https:\/\/www.egemtv.com\/index.php?rest_route=\/wp\/v2\/posts\/76039\/revisions\/76041"}],"wp:featuredmedia":[{"embeddable":true,"href":"https:\/\/www.egemtv.com\/index.php?rest_route=\/wp\/v2\/media\/76040"}],"wp:attachment":[{"href":"https:\/\/www.egemtv.com\/index.php?rest_route=%2Fwp%2Fv2%2Fmedia&parent=76039"}],"wp:term":[{"taxonomy":"category","embeddable":true,"href":"https:\/\/www.egemtv.com\/index.php?rest_route=%2Fwp%2Fv2%2Fcategories&post=76039"},{"taxonomy":"post_tag","embeddable":true,"href":"https:\/\/www.egemtv.com\/index.php?rest_route=%2Fwp%2Fv2%2Ftags&post=76039"}],"curies":[{"name":"wp","href":"https:\/\/api.w.org\/{rel}","templated":true}]}}