{"id":76036,"date":"2025-12-23T11:54:59","date_gmt":"2025-12-23T08:54:59","guid":{"rendered":"https:\/\/www.egemtv.com\/?p=76036"},"modified":"2025-12-23T11:55:00","modified_gmt":"2025-12-23T08:55:00","slug":"sosevden-arama-kurtarma-ekibine-ekipman-destegi","status":"publish","type":"post","link":"https:\/\/www.egemtv.com\/?p=76036","title":{"rendered":"SOSEV\u2019den arama kurtarma ekibine ekipman deste\u011fi"},"content":{"rendered":"<p>Manisa\u2019n\u0131n Soma il\u00e7esinde faaliyet g\u00f6steren Soma Do\u011fa Sporlar\u0131 ve Arama Kurtarma Kul\u00fcb\u00fc, y\u00fcr\u00fctt\u00fc\u011f\u00fc \u00e7al\u0131\u015fmalarda kullanmak \u00fczere Soma Sosyal E\u011fitim Vakf\u0131 (SOSEV) taraf\u0131ndan sa\u011flanan ekipman deste\u011fiyle g\u00fcc\u00fcne g\u00fc\u00e7 katt\u0131.<br \/>\n<br \/>SOSEV taraf\u0131ndan Manisa\u2019n\u0131n Soma il\u00e7esinde faaliyet g\u00f6steren ilk ve tek arama kurtarma ekibi  Soma Do\u011fa Sporlar\u0131 ve Arama Kurtarma Kul\u00fcb\u00fcne ekipman deste\u011fi sa\u011fland\u0131. Afet ve acil durumlarda h\u0131zl\u0131 ve etkin m\u00fcdahaleyi ama\u00e7layan ekibe verilen destek ile ekibin hem g\u00fcvenli\u011fi artacak hem de m\u00fcdahale kapasitesini g\u00fc\u00e7lenecek.<br \/>\n<br \/>Kul\u00fcp Ba\u015fkan\u0131 Mustafa Alio\u011flu, toplumsal sorumluluk bilinciyle hareket ederek destek sunan SOSEV\u2019e te\u015fekk\u00fcr ederek, &#8220;B\u00f6lgemizde ilk ve tek arama kurtarma ekibi olarak, halk\u0131m\u0131z\u0131n can g\u00fcvenli\u011fi i\u00e7in \u00e7al\u0131\u015f\u0131yoruz. Bu anlaml\u0131 destek, sahadaki g\u00fcc\u00fcm\u00fcz\u00fc ve motivasyonumuzu art\u0131rd\u0131&#8221; ifadelerini kulland\u0131.<br \/><\/p>\n","protected":false},"excerpt":{"rendered":"<p>Manisa\u2019n\u0131n Soma il\u00e7esinde faaliyet g\u00f6steren Soma Do\u011fa Sporlar\u0131 ve Arama Kurtarma Kul\u00fcb\u00fc, y\u00fcr\u00fctt\u00fc\u011f\u00fc \u00e7al\u0131\u015fmalarda kullanmak \u00fczere Soma Sosyal E\u011fitim Vakf\u0131 (SOSEV) taraf\u0131ndan sa\u011flanan ekipman deste\u011fiyle g\u00fcc\u00fcne g\u00fc\u00e7 katt\u0131. SOSEV taraf\u0131ndan Manisa\u2019n\u0131n Soma il\u00e7esinde faaliyet g\u00f6steren ilk ve tek arama kurtarma ekibi Soma Do\u011fa Sporlar\u0131 ve Arama Kurtarma Kul\u00fcb\u00fcne ekipman deste\u011fi sa\u011fland\u0131. Afet ve acil durumlarda&#8230;<\/p>\n","protected":false},"author":1,"featured_media":76037,"comment_status":"open","ping_status":"open","sticky":false,"template":"","format":"standard","meta":{"_crdt_document":"","footnotes":""},"categories":[1],"tags":[],"class_list":["post-76036","post","type-post","status-publish","format-standard","has-post-thumbnail","hentry","category-guncel"],"_links":{"self":[{"href":"https:\/\/www.egemtv.com\/index.php?rest_route=\/wp\/v2\/posts\/76036","targetHints":{"allow":["GET"]}}],"collection":[{"href":"https:\/\/www.egemtv.com\/index.php?rest_route=\/wp\/v2\/posts"}],"about":[{"href":"https:\/\/www.egemtv.com\/index.php?rest_route=\/wp\/v2\/types\/post"}],"author":[{"embeddable":true,"href":"https:\/\/www.egemtv.com\/index.php?rest_route=\/wp\/v2\/users\/1"}],"replies":[{"embeddable":true,"href":"https:\/\/www.egemtv.com\/index.php?rest_route=%2Fwp%2Fv2%2Fcomments&post=76036"}],"version-history":[{"count":1,"href":"https:\/\/www.egemtv.com\/index.php?rest_route=\/wp\/v2\/posts\/76036\/revisions"}],"predecessor-version":[{"id":76038,"href":"https:\/\/www.egemtv.com\/index.php?rest_route=\/wp\/v2\/posts\/76036\/revisions\/76038"}],"wp:featuredmedia":[{"embeddable":true,"href":"https:\/\/www.egemtv.com\/index.php?rest_route=\/wp\/v2\/media\/76037"}],"wp:attachment":[{"href":"https:\/\/www.egemtv.com\/index.php?rest_route=%2Fwp%2Fv2%2Fmedia&parent=76036"}],"wp:term":[{"taxonomy":"category","embeddable":true,"href":"https:\/\/www.egemtv.com\/index.php?rest_route=%2Fwp%2Fv2%2Fcategories&post=76036"},{"taxonomy":"post_tag","embeddable":true,"href":"https:\/\/www.egemtv.com\/index.php?rest_route=%2Fwp%2Fv2%2Ftags&post=76036"}],"curies":[{"name":"wp","href":"https:\/\/api.w.org\/{rel}","templated":true}]}}