{"id":76033,"date":"2025-12-23T11:54:58","date_gmt":"2025-12-23T08:54:58","guid":{"rendered":"https:\/\/www.egemtv.com\/?p=76033"},"modified":"2025-12-23T11:54:59","modified_gmt":"2025-12-23T08:54:59","slug":"nazilli-belediyesinden-otizmli-cocuklara-spor-kursu","status":"publish","type":"post","link":"https:\/\/www.egemtv.com\/?p=76033","title":{"rendered":"Nazilli Belediyesi\u2019nden otizmli \u00e7ocuklara spor kursu"},"content":{"rendered":"<p>Nazilli Belediyesi, otizmli \u00e7ocuklar\u0131n fiziksel ve ruhsal geli\u015fimini desteklemek amac\u0131yla spor kurslar\u0131 a\u00e7\u0131yor.<\/p>\n<p>\u00c7ocuklar\u0131n hem bedensel aktivitelerle g\u00fc\u00e7lenmesi hem de sosyal becerilerinin geli\u015fmesi amac\u0131yla ger\u00e7ekle\u015ftirilecek kurslar, 10 ya\u015f \u00fczeri otizmli bireylere y\u00f6nelik yap\u0131lacak. Kurslara kat\u0131lmak isteyen aileler, ba\u015fvurular\u0131 25 Aral\u0131k Per\u015fembe g\u00fcn\u00fc Nazilli Belediyesi K\u00fclt\u00fcr ve Sosyal \u0130\u015fler M\u00fcd\u00fcrl\u00fc\u011f\u00fcnden bizzat ger\u00e7ekle\u015ftirebilecek. Alan\u0131nda uzman e\u011fitmenler e\u015fli\u011finde d\u00fczenlenecek e\u011fitimlerde, \u00e7ocuklara ya\u015f ve geli\u015fim d\u00fczeylerine uygun egzersizler yapt\u0131r\u0131lacak. Program kapsam\u0131nda denge, koordinasyon, kas geli\u015fimi ve hareket kabiliyetini art\u0131rmaya y\u00f6nelik \u00e7al\u0131\u015fmalar\u0131n yan\u0131 s\u0131ra, \u00e7ocuklar\u0131n \u00f6zg\u00fcven kazanmalar\u0131na katk\u0131 sa\u011flayacak etkinlikler de yer alacak.<\/p>\n<p>Sporun otizmli \u00e7ocuklar\u0131n hem fiziksel sa\u011fl\u0131\u011f\u0131 hem de ruhsal geli\u015fimi \u00fczerinde olumlu etkiler olu\u015fturaca\u011f\u0131na dikkat \u00e7eken Nazilli Belediye Ba\u015fkan\u0131 Dr. Ertu\u011frul Tetik, bu t\u00fcr sosyal projeleri art\u0131rarak s\u00fcrd\u00fcrmeyi ama\u00e7lad\u0131klar\u0131n\u0131 dile getirdi.<br \/><\/p>\n","protected":false},"excerpt":{"rendered":"<p>Nazilli Belediyesi, otizmli \u00e7ocuklar\u0131n fiziksel ve ruhsal geli\u015fimini desteklemek amac\u0131yla spor kurslar\u0131 a\u00e7\u0131yor. \u00c7ocuklar\u0131n hem bedensel aktivitelerle g\u00fc\u00e7lenmesi hem de sosyal becerilerinin geli\u015fmesi amac\u0131yla ger\u00e7ekle\u015ftirilecek kurslar, 10 ya\u015f \u00fczeri otizmli bireylere y\u00f6nelik yap\u0131lacak. Kurslara kat\u0131lmak isteyen aileler, ba\u015fvurular\u0131 25 Aral\u0131k Per\u015fembe g\u00fcn\u00fc Nazilli Belediyesi K\u00fclt\u00fcr ve Sosyal \u0130\u015fler M\u00fcd\u00fcrl\u00fc\u011f\u00fcnden bizzat ger\u00e7ekle\u015ftirebilecek. Alan\u0131nda uzman e\u011fitmenler e\u015fli\u011finde&#8230;<\/p>\n","protected":false},"author":1,"featured_media":76034,"comment_status":"open","ping_status":"open","sticky":false,"template":"","format":"standard","meta":{"_crdt_document":"","footnotes":""},"categories":[1],"tags":[],"class_list":["post-76033","post","type-post","status-publish","format-standard","has-post-thumbnail","hentry","category-guncel"],"_links":{"self":[{"href":"https:\/\/www.egemtv.com\/index.php?rest_route=\/wp\/v2\/posts\/76033","targetHints":{"allow":["GET"]}}],"collection":[{"href":"https:\/\/www.egemtv.com\/index.php?rest_route=\/wp\/v2\/posts"}],"about":[{"href":"https:\/\/www.egemtv.com\/index.php?rest_route=\/wp\/v2\/types\/post"}],"author":[{"embeddable":true,"href":"https:\/\/www.egemtv.com\/index.php?rest_route=\/wp\/v2\/users\/1"}],"replies":[{"embeddable":true,"href":"https:\/\/www.egemtv.com\/index.php?rest_route=%2Fwp%2Fv2%2Fcomments&post=76033"}],"version-history":[{"count":1,"href":"https:\/\/www.egemtv.com\/index.php?rest_route=\/wp\/v2\/posts\/76033\/revisions"}],"predecessor-version":[{"id":76035,"href":"https:\/\/www.egemtv.com\/index.php?rest_route=\/wp\/v2\/posts\/76033\/revisions\/76035"}],"wp:featuredmedia":[{"embeddable":true,"href":"https:\/\/www.egemtv.com\/index.php?rest_route=\/wp\/v2\/media\/76034"}],"wp:attachment":[{"href":"https:\/\/www.egemtv.com\/index.php?rest_route=%2Fwp%2Fv2%2Fmedia&parent=76033"}],"wp:term":[{"taxonomy":"category","embeddable":true,"href":"https:\/\/www.egemtv.com\/index.php?rest_route=%2Fwp%2Fv2%2Fcategories&post=76033"},{"taxonomy":"post_tag","embeddable":true,"href":"https:\/\/www.egemtv.com\/index.php?rest_route=%2Fwp%2Fv2%2Ftags&post=76033"}],"curies":[{"name":"wp","href":"https:\/\/api.w.org\/{rel}","templated":true}]}}