{"id":76027,"date":"2025-12-23T11:54:56","date_gmt":"2025-12-23T08:54:56","guid":{"rendered":"https:\/\/www.egemtv.com\/?p=76027"},"modified":"2025-12-23T11:54:57","modified_gmt":"2025-12-23T08:54:57","slug":"aydin-ozel-yuksek-teknoloji-koleji-ezber-bozuyor-tubitakta-45-proje-ile-zirveye-yerlesti","status":"publish","type":"post","link":"https:\/\/www.egemtv.com\/?p=76027","title":{"rendered":"Ayd\u0131n \u00d6zel Y\u00fcksek Teknoloji Koleji ezber bozuyor: T\u00dcB\u0130TAK\u2019ta 45 proje ile zirveye yerle\u015fti"},"content":{"rendered":"<p>Ayd\u0131n\u2019da e\u011fitim paradigmas\u0131n\u0131 de\u011fi\u015ftiren \u00d6zel Y\u00fcksek Teknoloji Koleji, T\u00dcB\u0130TAK 2204-A Lise \u00d6\u011frencileri Ara\u015ft\u0131rma Projeleri Yar\u0131\u015fmas\u0131\u2019na tam 45 proje ile ba\u015fvurarak k\u0131r\u0131lmas\u0131 g\u00fc\u00e7 bir rekora imza att\u0131. Okul kurucusu Suat Erez, &#8220;Bu ba\u015far\u0131n\u0131n verdi\u011fi g\u00fc\u00e7le, lisedeki \u00fcretim k\u00fclt\u00fcr\u00fcn\u00fc ortaokul seviyesine ta\u015f\u0131yacak mesleki e\u011fitim odakl\u0131 ortaokulun m\u00fcjdesini veriyorum&#8221; dedi.<br \/>\n<br \/>Sadece s\u0131nav odakl\u0131 de\u011fil, \u00fcretim ve yenilik odakl\u0131 bir vizyon benimseyen Y\u00fcksek Teknoloji Koleji; 20 Bilimsel Ara\u015ft\u0131rma, 24 M\u00fchendislik Tasar\u0131m\u0131 ve 1 Ortaokul Projesi ile sahadaki fark\u0131n\u0131 ortaya koydu. Yenilenebilir Enerji ve End\u00fcstriyel Otomasyon gibi gelece\u011fin sekt\u00f6rlerine nitelikli i\u015f g\u00fcc\u00fc ve m\u00fchendis aday\u0131 yeti\u015ftiren okulun, bu istatistiklerle \u00f6\u011frencilerini hem akademik \u00e7al\u0131\u015fmaya hem de teknik uygulama becerisine e\u015f zamanl\u0131 olarak haz\u0131rlad\u0131\u011f\u0131n\u0131n kan\u0131tlad\u0131.<br \/>\n<br \/>&#8220;S\u00f6z\u00fcm\u00fcz\u00fc tuttuk, gen\u00e7lerimizle gurur duyuyoruz&#8221;<br \/>\n<br \/>Rekor ba\u015fvurunun, uygulanan e\u011fitim modelinin ba\u015far\u0131s\u0131 oldu\u011funu vurgulayan Okul Kurucusu Suat Erez &#8220;Yola \u00e7\u0131karken \u00f6\u011frencilerimizi sadece test \u00e7\u00f6zen de\u011fil, gelece\u011fin teknolojisine y\u00f6n veren bireyler olarak yeti\u015ftirece\u011fiz dedik. Bug\u00fcn ortaya koydu\u011fumuz 45 farkl\u0131 proje, bu s\u00f6z\u00fcn ispat\u0131d\u0131r. \u00d6\u011frencilerimiz; at\u00f6lyelerde, laboratuvarlarda bizzat \u00fcreterek; 20 proje ile teoriyi, 24 m\u00fchendislik tasar\u0131m\u0131 ile prati\u011fi birle\u015ftirdiler. Bu ba\u015far\u0131, mezunlar\u0131m\u0131z\u0131n \u00fcniversite ve kariyer yolculu\u011funda onlara b\u00fcy\u00fck bir avantaj sa\u011flayacakt\u0131r&#8221; dedi.<br \/>\n<br \/>&#8220;Ayd\u0131n\u2019dan Avrupa\u2019ya teknoloji k\u00f6pr\u00fcs\u00fc&#8221;<br \/>\n<br \/>Vizyonlar\u0131n\u0131n ulusal ba\u015far\u0131larla s\u0131n\u0131rl\u0131 kalmad\u0131\u011f\u0131n\u0131n alt\u0131n\u0131 \u00e7izen Erez, T\u00dcB\u0130TAK ba\u015far\u0131s\u0131n\u0131n k\u00fcresel hedefler i\u00e7in bir basamak oldu\u011funu belirtti. Erez, &#8220;Onaylanan ERASMUS+ projemizle \u00f6\u011frencilerimizin Avrupa standartlar\u0131nda e\u011fitim almalar\u0131n\u0131 sa\u011fl\u0131yoruz. Bizim \u00f6\u011frencimiz Ayd\u0131n\u2019da \u00fcretecek, d\u00fcnyada s\u00f6z sahibi olacak&#8221; ifadelerini kulland\u0131.<br \/>\n<br \/>&#8220;Mesleki Ortaokulu altyap\u0131s\u0131n\u0131 kurduk&#8221;<br \/>\n<br \/>Suat EREZ, lise kademesindeki bu \u00fcretim k\u00fclt\u00fcr\u00fcn\u00fc daha erken ya\u015flara ta\u015f\u0131ma hedefini ise \u015fu s\u00f6zlerle duyurdu: &#8220;Lisede ula\u015ft\u0131\u011f\u0131m\u0131z ba\u015far\u0131 g\u00f6sterdi ki; \u00e7ocuklar\u0131m\u0131z do\u011fru y\u00f6nlendirildi\u011finde harikalar olu\u015fturuyor. Bu k\u00fclt\u00fcr\u00fc temelden vermek ad\u0131na, Milli E\u011fitim Bakanl\u0131\u011f\u0131\u2019m\u0131z\u0131n vizyonu ve y\u00f6netmelikleri \u00e7er\u00e7evesinde, \u2018Mesleki E\u011fitim Odakl\u0131 Ortaokul\u2019 konusundaki t\u00fcm altyap\u0131 haz\u0131rl\u0131klar\u0131n\u0131 tamamlad\u0131k. Y\u00fcksek Teknoloji Koleji olarak biz, Bakanl\u0131\u011f\u0131m\u0131z\u0131n belirleyece\u011fi stratejiler do\u011frultusunda T\u00fcrkiye\u2019de bu e\u011fitimi veren \u00f6nc\u00fc kurumlardan biri olmaya, at\u00f6lye ve kadromuzla haz\u0131r\u0131z.&#8221;<br \/><\/p>\n","protected":false},"excerpt":{"rendered":"<p>Ayd\u0131n\u2019da e\u011fitim paradigmas\u0131n\u0131 de\u011fi\u015ftiren \u00d6zel Y\u00fcksek Teknoloji Koleji, T\u00dcB\u0130TAK 2204-A Lise \u00d6\u011frencileri Ara\u015ft\u0131rma Projeleri Yar\u0131\u015fmas\u0131\u2019na tam 45 proje ile ba\u015fvurarak k\u0131r\u0131lmas\u0131 g\u00fc\u00e7 bir rekora imza att\u0131. Okul kurucusu Suat Erez, &#8220;Bu ba\u015far\u0131n\u0131n verdi\u011fi g\u00fc\u00e7le, lisedeki \u00fcretim k\u00fclt\u00fcr\u00fcn\u00fc ortaokul seviyesine ta\u015f\u0131yacak mesleki e\u011fitim odakl\u0131 ortaokulun m\u00fcjdesini veriyorum&#8221; dedi. Sadece s\u0131nav odakl\u0131 de\u011fil, \u00fcretim ve yenilik odakl\u0131&#8230;<\/p>\n","protected":false},"author":1,"featured_media":76028,"comment_status":"open","ping_status":"open","sticky":false,"template":"","format":"standard","meta":{"_crdt_document":"","footnotes":""},"categories":[1],"tags":[],"class_list":["post-76027","post","type-post","status-publish","format-standard","has-post-thumbnail","hentry","category-guncel"],"_links":{"self":[{"href":"https:\/\/www.egemtv.com\/index.php?rest_route=\/wp\/v2\/posts\/76027","targetHints":{"allow":["GET"]}}],"collection":[{"href":"https:\/\/www.egemtv.com\/index.php?rest_route=\/wp\/v2\/posts"}],"about":[{"href":"https:\/\/www.egemtv.com\/index.php?rest_route=\/wp\/v2\/types\/post"}],"author":[{"embeddable":true,"href":"https:\/\/www.egemtv.com\/index.php?rest_route=\/wp\/v2\/users\/1"}],"replies":[{"embeddable":true,"href":"https:\/\/www.egemtv.com\/index.php?rest_route=%2Fwp%2Fv2%2Fcomments&post=76027"}],"version-history":[{"count":1,"href":"https:\/\/www.egemtv.com\/index.php?rest_route=\/wp\/v2\/posts\/76027\/revisions"}],"predecessor-version":[{"id":76029,"href":"https:\/\/www.egemtv.com\/index.php?rest_route=\/wp\/v2\/posts\/76027\/revisions\/76029"}],"wp:featuredmedia":[{"embeddable":true,"href":"https:\/\/www.egemtv.com\/index.php?rest_route=\/wp\/v2\/media\/76028"}],"wp:attachment":[{"href":"https:\/\/www.egemtv.com\/index.php?rest_route=%2Fwp%2Fv2%2Fmedia&parent=76027"}],"wp:term":[{"taxonomy":"category","embeddable":true,"href":"https:\/\/www.egemtv.com\/index.php?rest_route=%2Fwp%2Fv2%2Fcategories&post=76027"},{"taxonomy":"post_tag","embeddable":true,"href":"https:\/\/www.egemtv.com\/index.php?rest_route=%2Fwp%2Fv2%2Ftags&post=76027"}],"curies":[{"name":"wp","href":"https:\/\/api.w.org\/{rel}","templated":true}]}}