{"id":76024,"date":"2025-12-23T11:34:37","date_gmt":"2025-12-23T08:34:37","guid":{"rendered":"https:\/\/www.egemtv.com\/?p=76024"},"modified":"2025-12-23T11:34:38","modified_gmt":"2025-12-23T08:34:38","slug":"kusadasinda-9-suctan-aranan-firari-yurt-disina-kacamadan-yakalandi","status":"publish","type":"post","link":"https:\/\/www.egemtv.com\/?p=76024","title":{"rendered":"Ku\u015fadas\u0131\u2019nda 9 su\u00e7tan aranan firari yurt d\u0131\u015f\u0131na ka\u00e7amadan yakaland\u0131"},"content":{"rendered":"<p>Ayd\u0131n\u2019\u0131n Ku\u015fadas\u0131 il\u00e7esinde hakk\u0131nda kasten adam \u00f6ld\u00fcrme dahil 9 ayr\u0131 su\u00e7tan aranan \u015f\u00fcpheli yurtd\u0131\u015f\u0131na ka\u00e7ma haz\u0131rl\u0131\u011f\u0131 yaparken polis ekipleri taraf\u0131ndan d\u00fczenlenen operasyon ile k\u0131sk\u0131vrak yakaland\u0131.<\/p>\n<p>Ayd\u0131n\u2019da polis ekiplerinin vatanda\u015flar\u0131n huzur ve g\u00fcvenli\u011fi i\u00e7in \u00e7al\u0131\u015fmalar\u0131 aral\u0131ks\u0131z s\u00fcr\u00fcyor. Edinilen bilgiye g\u00f6re, Ku\u015fadas\u0131 \u0130l\u00e7e Emniyet M\u00fcd\u00fcrl\u00fc\u011f\u00fc ekiplerince aranan \u015fah\u0131slar\u0131n yakalanmas\u0131na y\u00f6nelik y\u00fcr\u00fct\u00fclen \u00e7al\u0131\u015fmalar kapsam\u0131nda, hakk\u0131nda kasten \u00f6ld\u00fcrme su\u00e7unun da bulundu\u011fu 9 ayr\u0131 su\u00e7tan arama karar\u0131 bulunan L.Y.\u2019nin yerini tespit etti.  Ku\u015fadas\u0131\u2019ndan yurt d\u0131\u015f\u0131na ka\u00e7ma haz\u0131rl\u0131\u011f\u0131nda oldu\u011fu bilgisine ula\u015fan ekipler d\u00fczenlenen operasyonla \u015fahs\u0131 yakalayarak g\u00f6zalt\u0131na ald\u0131. Emniyetteki i\u015flemlerinin ard\u0131ndan adli makamlara sevk edilen L.Y., \u00e7\u0131kar\u0131ld\u0131\u011f\u0131 mahkemece tutuklanarak cezaevine teslim edildi.<br \/><\/p>\n","protected":false},"excerpt":{"rendered":"<p>Ayd\u0131n\u2019\u0131n Ku\u015fadas\u0131 il\u00e7esinde hakk\u0131nda kasten adam \u00f6ld\u00fcrme dahil 9 ayr\u0131 su\u00e7tan aranan \u015f\u00fcpheli yurtd\u0131\u015f\u0131na ka\u00e7ma haz\u0131rl\u0131\u011f\u0131 yaparken polis ekipleri taraf\u0131ndan d\u00fczenlenen operasyon ile k\u0131sk\u0131vrak yakaland\u0131. Ayd\u0131n\u2019da polis ekiplerinin vatanda\u015flar\u0131n huzur ve g\u00fcvenli\u011fi i\u00e7in \u00e7al\u0131\u015fmalar\u0131 aral\u0131ks\u0131z s\u00fcr\u00fcyor. Edinilen bilgiye g\u00f6re, Ku\u015fadas\u0131 \u0130l\u00e7e Emniyet M\u00fcd\u00fcrl\u00fc\u011f\u00fc ekiplerince aranan \u015fah\u0131slar\u0131n yakalanmas\u0131na y\u00f6nelik y\u00fcr\u00fct\u00fclen \u00e7al\u0131\u015fmalar kapsam\u0131nda, hakk\u0131nda kasten \u00f6ld\u00fcrme su\u00e7unun&#8230;<\/p>\n","protected":false},"author":1,"featured_media":76025,"comment_status":"open","ping_status":"open","sticky":false,"template":"","format":"standard","meta":{"_crdt_document":"","footnotes":""},"categories":[5],"tags":[],"class_list":["post-76024","post","type-post","status-publish","format-standard","has-post-thumbnail","hentry","category-asayis"],"_links":{"self":[{"href":"https:\/\/www.egemtv.com\/index.php?rest_route=\/wp\/v2\/posts\/76024","targetHints":{"allow":["GET"]}}],"collection":[{"href":"https:\/\/www.egemtv.com\/index.php?rest_route=\/wp\/v2\/posts"}],"about":[{"href":"https:\/\/www.egemtv.com\/index.php?rest_route=\/wp\/v2\/types\/post"}],"author":[{"embeddable":true,"href":"https:\/\/www.egemtv.com\/index.php?rest_route=\/wp\/v2\/users\/1"}],"replies":[{"embeddable":true,"href":"https:\/\/www.egemtv.com\/index.php?rest_route=%2Fwp%2Fv2%2Fcomments&post=76024"}],"version-history":[{"count":1,"href":"https:\/\/www.egemtv.com\/index.php?rest_route=\/wp\/v2\/posts\/76024\/revisions"}],"predecessor-version":[{"id":76026,"href":"https:\/\/www.egemtv.com\/index.php?rest_route=\/wp\/v2\/posts\/76024\/revisions\/76026"}],"wp:featuredmedia":[{"embeddable":true,"href":"https:\/\/www.egemtv.com\/index.php?rest_route=\/wp\/v2\/media\/76025"}],"wp:attachment":[{"href":"https:\/\/www.egemtv.com\/index.php?rest_route=%2Fwp%2Fv2%2Fmedia&parent=76024"}],"wp:term":[{"taxonomy":"category","embeddable":true,"href":"https:\/\/www.egemtv.com\/index.php?rest_route=%2Fwp%2Fv2%2Fcategories&post=76024"},{"taxonomy":"post_tag","embeddable":true,"href":"https:\/\/www.egemtv.com\/index.php?rest_route=%2Fwp%2Fv2%2Ftags&post=76024"}],"curies":[{"name":"wp","href":"https:\/\/api.w.org\/{rel}","templated":true}]}}