{"id":76021,"date":"2025-12-23T11:34:36","date_gmt":"2025-12-23T08:34:36","guid":{"rendered":"https:\/\/www.egemtv.com\/?p=76021"},"modified":"2025-12-23T11:34:37","modified_gmt":"2025-12-23T08:34:37","slug":"buyuksehir-mahallelinin-bank-talebini-geri-cevirmedi","status":"publish","type":"post","link":"https:\/\/www.egemtv.com\/?p=76021","title":{"rendered":"B\u00fcy\u00fck\u015fehir, mahallelinin \u2019bank\u2019 talebini geri \u00e7evirmedi"},"content":{"rendered":"<p>Ayd\u0131n\u2019\u0131n Yenipazar il\u00e7esine ba\u011fl\u0131 Karaca\u00f6ren Mahallesi\u2019nde, Ayd\u0131n B\u00fcy\u00fck\u015fehir Belediyesi taraf\u0131ndan cami cemaati ve \u00f6\u011frencilerin kullan\u0131m\u0131na y\u00f6nelik banklar yerle\u015ftirildi.<br \/>\n<br \/>Ayd\u0131n\u2019\u0131n Yenipazar il\u00e7esine ba\u011fl\u0131 Karaca\u00f6ren Mahallesi\u2019nde, mahalledeki kamu alanlar\u0131nda kullan\u0131lmak \u00fczere talep edilen banklar hizmete sunuldu. Ayd\u0131n B\u00fcy\u00fck\u015fehir Belediyesi taraf\u0131ndan yap\u0131lan \u00e7al\u0131\u015fma kapsam\u0131nda, cami \u00e7evresi ve okul alanlar\u0131na banklar yerle\u015ftirildi. Mahalle Muhtar\u0131 Mustafa K\u0131ro\u011flan, ge\u00e7ti\u011fimiz haftalarda d\u00fczenlenen muhtarlar toplant\u0131s\u0131nda mahalledeki kamu alanlar\u0131nda bank ihtiyac\u0131 bulundu\u011funu Ayd\u0131n B\u00fcy\u00fck\u015fehir Belediyesi yetkililerine ilettiklerini belirtti. Yap\u0131lan de\u011ferlendirme sonras\u0131nda talebin k\u0131sa s\u00fcrede kar\u015f\u0131land\u0131\u011f\u0131n\u0131 ifade etti. Yerle\u015ftirilen banklar\u0131n, cami cemaatinin namaz \u00f6ncesi ve sonras\u0131nda, \u00f6\u011frencilerin ise teneff\u00fcslerde dinlenebilmeleri amac\u0131yla kullan\u0131laca\u011f\u0131 bildiren Muhtar K\u0131ro\u011flan; &#8220;Ge\u00e7ti\u011fimiz haftalarda yap\u0131lan muhtarlar toplant\u0131s\u0131nda Ayd\u0131n B\u00fcy\u00fck\u015fehir Belediyesi\u2019ne mahallede bulunan kamu alanlar\u0131nda kullan\u0131lmak \u00fczere bank ihtiyac\u0131 talebimizi dile getirmi\u015ftik. K\u0131sa s\u00fcre i\u00e7erisinde talebimizi ilgili geri d\u00f6n\u00fc\u015f sa\u011fland\u0131. Art\u0131k cami cemaatimiz namaz \u00f6ncesi ve sonras\u0131nda, \u00f6\u011frencilerimiz de ders aralar\u0131ndaki teneff\u00fcslerde rahat\u00e7a zaman ge\u00e7irebilecek. K\u0131sa s\u00fcre i\u00e7erisinde talebimizin de\u011ferlendirilmesini ve ihtiyac\u0131m\u0131z\u0131n kar\u015f\u0131lanmas\u0131 i\u00e7in \u00e7al\u0131\u015fma yap\u0131lmas\u0131n\u0131 sa\u011flayan ba\u015fta Ayd\u0131n B\u00fcy\u00fck\u015fehir Belediye Ba\u015fkan\u0131m\u0131z \u00d6zlem \u00c7er\u00e7io\u011flu olmak \u00fczere t\u00fcm belediye \u00e7al\u0131\u015fanlar\u0131m\u0131za \u00e7ok te\u015fekk\u00fcr ediyoruz&#8221; dedi.<br \/><\/p>\n","protected":false},"excerpt":{"rendered":"<p>Ayd\u0131n\u2019\u0131n Yenipazar il\u00e7esine ba\u011fl\u0131 Karaca\u00f6ren Mahallesi\u2019nde, Ayd\u0131n B\u00fcy\u00fck\u015fehir Belediyesi taraf\u0131ndan cami cemaati ve \u00f6\u011frencilerin kullan\u0131m\u0131na y\u00f6nelik banklar yerle\u015ftirildi. Ayd\u0131n\u2019\u0131n Yenipazar il\u00e7esine ba\u011fl\u0131 Karaca\u00f6ren Mahallesi\u2019nde, mahalledeki kamu alanlar\u0131nda kullan\u0131lmak \u00fczere talep edilen banklar hizmete sunuldu. Ayd\u0131n B\u00fcy\u00fck\u015fehir Belediyesi taraf\u0131ndan yap\u0131lan \u00e7al\u0131\u015fma kapsam\u0131nda, cami \u00e7evresi ve okul alanlar\u0131na banklar yerle\u015ftirildi. Mahalle Muhtar\u0131 Mustafa K\u0131ro\u011flan, ge\u00e7ti\u011fimiz haftalarda d\u00fczenlenen&#8230;<\/p>\n","protected":false},"author":1,"featured_media":76022,"comment_status":"open","ping_status":"open","sticky":false,"template":"","format":"standard","meta":{"_crdt_document":"","footnotes":""},"categories":[1],"tags":[],"class_list":["post-76021","post","type-post","status-publish","format-standard","has-post-thumbnail","hentry","category-guncel"],"_links":{"self":[{"href":"https:\/\/www.egemtv.com\/index.php?rest_route=\/wp\/v2\/posts\/76021","targetHints":{"allow":["GET"]}}],"collection":[{"href":"https:\/\/www.egemtv.com\/index.php?rest_route=\/wp\/v2\/posts"}],"about":[{"href":"https:\/\/www.egemtv.com\/index.php?rest_route=\/wp\/v2\/types\/post"}],"author":[{"embeddable":true,"href":"https:\/\/www.egemtv.com\/index.php?rest_route=\/wp\/v2\/users\/1"}],"replies":[{"embeddable":true,"href":"https:\/\/www.egemtv.com\/index.php?rest_route=%2Fwp%2Fv2%2Fcomments&post=76021"}],"version-history":[{"count":1,"href":"https:\/\/www.egemtv.com\/index.php?rest_route=\/wp\/v2\/posts\/76021\/revisions"}],"predecessor-version":[{"id":76023,"href":"https:\/\/www.egemtv.com\/index.php?rest_route=\/wp\/v2\/posts\/76021\/revisions\/76023"}],"wp:featuredmedia":[{"embeddable":true,"href":"https:\/\/www.egemtv.com\/index.php?rest_route=\/wp\/v2\/media\/76022"}],"wp:attachment":[{"href":"https:\/\/www.egemtv.com\/index.php?rest_route=%2Fwp%2Fv2%2Fmedia&parent=76021"}],"wp:term":[{"taxonomy":"category","embeddable":true,"href":"https:\/\/www.egemtv.com\/index.php?rest_route=%2Fwp%2Fv2%2Fcategories&post=76021"},{"taxonomy":"post_tag","embeddable":true,"href":"https:\/\/www.egemtv.com\/index.php?rest_route=%2Fwp%2Fv2%2Ftags&post=76021"}],"curies":[{"name":"wp","href":"https:\/\/api.w.org\/{rel}","templated":true}]}}