{"id":7600,"date":"2025-01-13T12:05:47","date_gmt":"2025-01-13T09:05:47","guid":{"rendered":"https:\/\/www.egemtv.com\/?p=7600"},"modified":"2025-01-13T12:05:56","modified_gmt":"2025-01-13T09:05:56","slug":"kutahyada-orman-koylulerine-orman-yanginlari-ile-mucadele-yontemleri-konulu-egitim","status":"publish","type":"post","link":"https:\/\/www.egemtv.com\/?p=7600","title":{"rendered":"K\u00fctahya\u2019da orman k\u00f6yl\u00fclerine \u201cOrman yang\u0131nlar\u0131 ile m\u00fccadele y\u00f6ntemleri\u201d konulu e\u011fitim"},"content":{"rendered":"<p>K\u00fctahya Orman B\u00f6lge M\u00fcd\u00fcrl\u00fc\u011f\u00fcnce orman k\u00f6yl\u00fclerine y\u00f6nelik \u201cOrman yang\u0131nlar\u0131 ile m\u00fccadele y\u00f6ntemleri\u201d konusunda 30 k\u00f6yde e\u011fitim verildi\u011fi bildirildi.<br \/>\n<br \/>Konuyla ilgili Orman B\u00f6lge M\u00fcd\u00fcrl\u00fc\u011f\u00fcnden yap\u0131lan a\u00e7\u0131klamada,\u201d K\u00fcresel \u0131s\u0131nman\u0131n ve orman yang\u0131nlar\u0131n\u0131n artt\u0131\u011f\u0131 son y\u0131llarda Orman Genel M\u00fcd\u00fcrl\u00fc\u011f\u00fcm\u00fcz\u00fcn talimatlar\u0131 ile ilimizdeki t\u00fcm k\u00f6ylerimizdeki vatanda\u015flar\u0131m\u0131z\u0131 ba\u015fta orman yang\u0131nlar\u0131 ile m\u00fccadelede \u00f6nleyici tedbirler olmak \u00fczere orman yang\u0131nlar\u0131nda hareket tarzlar\u0131 ve kurumumuzun orman yang\u0131nlar\u0131 ile m\u00fccadele y\u00f6ntemleri konusunda e\u011fitimlerimize ba\u015flad\u0131k. 30 k\u00f6yde verdi\u011fimiz e\u011fitim faaliyetlerine kat\u0131lan vatanda\u015flar\u0131m\u0131za g\u00f6sterdikleri ilgiden dolay\u0131 \u015f\u00fckranlar\u0131m\u0131z\u0131 arz ederiz. E\u011fitim \u00e7al\u0131\u015fmalar\u0131m\u0131z planlanarak t\u00fcm k\u00f6ylerimizi kapsayacak \u015fekilde verilecektir. Ormanlar\u0131m\u0131z\u0131n yang\u0131ndan korunmas\u0131, gelece\u011fimizin g\u00fcvencesidir\u201d ifadelerine yer verildi.<br \/>\n<br \/><img fetchpriority=\"high\" decoding=\"async\" width=\"1280\" height=\"853\" src=\"https:\/\/www.egemtv.com\/wp-content\/uploads\/2025\/01\/kutahyada-orman-koylulerine-orman-yanginlari-ile-mucadele-yontemleri-konulu-egitim_05ef820f08e7.jpg\" class=\"attachment-full size-full not-transparent\" alt=\"\" data-has-transparency=\"false\" data-dominant-color=\"776e6b\" style=\"--dominant-color: #776e6b\" \/><img decoding=\"async\" width=\"1280\" height=\"577\" src=\"https:\/\/www.egemtv.com\/wp-content\/uploads\/2025\/01\/kutahyada-orman-koylulerine-orman-yanginlari-ile-mucadele-yontemleri-konulu-egitim_2339b898772f.jpg\" class=\"attachment-full size-full not-transparent\" alt=\"\" data-has-transparency=\"false\" data-dominant-color=\"78716e\" style=\"--dominant-color: #78716e\" \/><img decoding=\"async\" width=\"1280\" height=\"960\" src=\"https:\/\/www.egemtv.com\/wp-content\/uploads\/2025\/01\/kutahyada-orman-koylulerine-orman-yanginlari-ile-mucadele-yontemleri-konulu-egitim_a394aca5e29f.jpg\" class=\"attachment-full size-full not-transparent\" alt=\"\" data-has-transparency=\"false\" data-dominant-color=\"717b8b\" style=\"--dominant-color: #717b8b\" \/><img loading=\"lazy\" decoding=\"async\" width=\"1280\" height=\"720\" src=\"https:\/\/www.egemtv.com\/wp-content\/uploads\/2025\/01\/kutahyada-orman-koylulerine-orman-yanginlari-ile-mucadele-yontemleri-konulu-egitim_cf3431dc10da.jpg\" class=\"attachment-full size-full not-transparent\" alt=\"\" data-has-transparency=\"false\" data-dominant-color=\"777986\" style=\"--dominant-color: #777986\" \/><img loading=\"lazy\" decoding=\"async\" width=\"1280\" height=\"960\" src=\"https:\/\/www.egemtv.com\/wp-content\/uploads\/2025\/01\/kutahyada-orman-koylulerine-orman-yanginlari-ile-mucadele-yontemleri-konulu-egitim_58826f2d2cfd.jpg\" class=\"attachment-full size-full not-transparent\" alt=\"\" data-has-transparency=\"false\" data-dominant-color=\"635e60\" style=\"--dominant-color: #635e60\" \/><img loading=\"lazy\" decoding=\"async\" width=\"1280\" height=\"960\" src=\"https:\/\/www.egemtv.com\/wp-content\/uploads\/2025\/01\/kutahyada-orman-koylulerine-orman-yanginlari-ile-mucadele-yontemleri-konulu-egitim_5c1502c9be5c.jpg\" class=\"attachment-full size-full not-transparent\" alt=\"\" data-has-transparency=\"false\" data-dominant-color=\"7d6f67\" style=\"--dominant-color: #7d6f67\" \/><\/p>\n","protected":false},"excerpt":{"rendered":"<p>K\u00fctahya Orman B\u00f6lge M\u00fcd\u00fcrl\u00fc\u011f\u00fcnce orman k\u00f6yl\u00fclerine y\u00f6nelik \u201cOrman yang\u0131nlar\u0131 ile m\u00fccadele y\u00f6ntemleri\u201d konusunda 30 k\u00f6yde e\u011fitim verildi\u011fi bildirildi. Konuyla ilgili Orman B\u00f6lge M\u00fcd\u00fcrl\u00fc\u011f\u00fcnden yap\u0131lan a\u00e7\u0131klamada,\u201d K\u00fcresel \u0131s\u0131nman\u0131n ve orman yang\u0131nlar\u0131n\u0131n artt\u0131\u011f\u0131 son y\u0131llarda Orman Genel M\u00fcd\u00fcrl\u00fc\u011f\u00fcm\u00fcz\u00fcn talimatlar\u0131 ile ilimizdeki t\u00fcm k\u00f6ylerimizdeki vatanda\u015flar\u0131m\u0131z\u0131 ba\u015fta orman yang\u0131nlar\u0131 ile m\u00fccadelede \u00f6nleyici tedbirler olmak \u00fczere orman yang\u0131nlar\u0131nda hareket tarzlar\u0131&#8230;<\/p>\n","protected":false},"author":1,"featured_media":7601,"comment_status":"open","ping_status":"open","sticky":false,"template":"","format":"standard","meta":{"_crdt_document":"","footnotes":""},"categories":[1],"tags":[],"class_list":["post-7600","post","type-post","status-publish","format-standard","has-post-thumbnail","hentry","category-guncel"],"_links":{"self":[{"href":"https:\/\/www.egemtv.com\/index.php?rest_route=\/wp\/v2\/posts\/7600","targetHints":{"allow":["GET"]}}],"collection":[{"href":"https:\/\/www.egemtv.com\/index.php?rest_route=\/wp\/v2\/posts"}],"about":[{"href":"https:\/\/www.egemtv.com\/index.php?rest_route=\/wp\/v2\/types\/post"}],"author":[{"embeddable":true,"href":"https:\/\/www.egemtv.com\/index.php?rest_route=\/wp\/v2\/users\/1"}],"replies":[{"embeddable":true,"href":"https:\/\/www.egemtv.com\/index.php?rest_route=%2Fwp%2Fv2%2Fcomments&post=7600"}],"version-history":[{"count":1,"href":"https:\/\/www.egemtv.com\/index.php?rest_route=\/wp\/v2\/posts\/7600\/revisions"}],"predecessor-version":[{"id":7608,"href":"https:\/\/www.egemtv.com\/index.php?rest_route=\/wp\/v2\/posts\/7600\/revisions\/7608"}],"wp:featuredmedia":[{"embeddable":true,"href":"https:\/\/www.egemtv.com\/index.php?rest_route=\/wp\/v2\/media\/7601"}],"wp:attachment":[{"href":"https:\/\/www.egemtv.com\/index.php?rest_route=%2Fwp%2Fv2%2Fmedia&parent=7600"}],"wp:term":[{"taxonomy":"category","embeddable":true,"href":"https:\/\/www.egemtv.com\/index.php?rest_route=%2Fwp%2Fv2%2Fcategories&post=7600"},{"taxonomy":"post_tag","embeddable":true,"href":"https:\/\/www.egemtv.com\/index.php?rest_route=%2Fwp%2Fv2%2Ftags&post=7600"}],"curies":[{"name":"wp","href":"https:\/\/api.w.org\/{rel}","templated":true}]}}