{"id":7595,"date":"2025-01-13T11:59:26","date_gmt":"2025-01-13T08:59:26","guid":{"rendered":"https:\/\/www.egemtv.com\/?p=7595"},"modified":"2025-01-13T11:59:31","modified_gmt":"2025-01-13T08:59:31","slug":"selcukta-deve-guresleri-festivali-heyecani-basliyor","status":"publish","type":"post","link":"https:\/\/www.egemtv.com\/?p=7595","title":{"rendered":"Sel\u00e7uk\u2019ta Deve G\u00fcre\u015fleri Festivali heyecan\u0131 ba\u015fl\u0131yor"},"content":{"rendered":"<p>\u0130zmir Sel\u00e7uk\u2019ta 43. Uluslararas\u0131 Deve G\u00fcre\u015fleri Festivali 19 Ocak\u2019ta Pamucak G\u00fcre\u015f Arenas\u0131\u2019nda ger\u00e7ekle\u015fecek.<br \/>\n<br \/>Bu y\u0131l da heyecanl\u0131 dakikalar\u0131n ya\u015fanaca\u011f\u0131 g\u00fcre\u015flere Ege, Akdeniz ve Marmara b\u00f6lgelerinden gelecek pehlivan develer kat\u0131lacak. Toplam 120 devenin kat\u0131laca\u011f\u0131 43. Uluslararas\u0131 Efes Sel\u00e7uk Deve G\u00fcre\u015fleri Festivali\u2019nde belirlenecek 5 \u00e7ift pehlivan deve Alt\u0131n Artemis \u00d6d\u00fcl\u00fc i\u00e7in g\u00fcre\u015fecek.<br \/>\n<br \/>T\u00fcrkiye\u2019nin tek uluslararas\u0131 deve g\u00fcre\u015fi festivali olan Efes Sel\u00e7uk Deve G\u00fcre\u015fleri Festivali bu y\u0131l 43. y\u0131l gururuna yak\u0131\u015f\u0131r \u015fekilde Sel\u00e7uk Efes K\u00fclt\u00fcr ve Turizm Vakf\u0131 organizasyonuyla \u0130zmir B\u00fcy\u00fck\u015fehir Belediyesi ve Sel\u00e7uk Belediyesinin deste\u011fi ile d\u00fczenleniyor.<br \/>\n<br \/>Deve g\u00fcre\u015flerinin K\u0131rkp\u0131nar\u2019\u0131 olarak da bilinen festival, 43. y\u0131l heyecan\u0131 ile 19 Ocak Pazar g\u00fcn\u00fc Pamucak G\u00fcre\u015f Arenas\u0131\u2019nda binlerce g\u00fcre\u015f severi a\u011f\u0131rlayacak. Ge\u00e7mi\u015f y\u0131llarda en y\u00fcksek seyirci say\u0131s\u0131yla Guinness Rekorlar Kitab\u0131\u2019na giren, uluslararas\u0131 bas\u0131n\u0131n da yak\u0131ndan takip etti\u011fi Efes Sel\u00e7uk Deve G\u00fcre\u015fleri Festivali, ayn\u0131 zamanda D\u00fcnya Festivaller Kitap\u00e7\u0131\u011f\u0131\u2019nda da yerini almay\u0131 ba\u015fard\u0131.<br \/>\n<br \/>Her y\u0131l Ocak ay\u0131n\u0131n \u00fc\u00e7\u00fcnc\u00fc Pazar\u0131 yap\u0131lan ve bu y\u0131l 43.\u2019s\u00fcn\u00fcn d\u00fczenlenece\u011fi Uluslararas\u0131 Efes Sel\u00e7uk Deve G\u00fcre\u015fi Festivali i\u00e7in t\u00fcm haz\u0131rl\u0131klar\u0131n tamamland\u0131\u011f\u0131n\u0131, Ege, Marmara ve Akdeniz b\u00f6lgelerinin en \u00fcnl\u00fc pehlivan develerinin g\u00fcre\u015fler i\u00e7in haz\u0131r olduklar\u0131n\u0131 kaydeden Sel\u00e7uk Efes K\u00fclt\u00fcr ve Turizm Vakf\u0131 Y\u00f6netim Kurulu, t\u00fcm g\u00fcre\u015f severleri 19 Ocak Pazar g\u00fcn\u00fc saat 10.00\u2019da Pamucak Arena\u2019da yap\u0131lacak olan g\u00fcre\u015flere davet etti.<br \/>\n<br \/><img fetchpriority=\"high\" decoding=\"async\" width=\"1280\" height=\"853\" src=\"https:\/\/www.egemtv.com\/wp-content\/uploads\/2025\/01\/selcukta-deve-guresleri-festivali-heyecani-basliyor_985a6faf7849.jpg\" class=\"attachment-full size-full not-transparent\" alt=\"\" data-has-transparency=\"false\" data-dominant-color=\"b2b0ad\" style=\"--dominant-color: #b2b0ad\" \/><img decoding=\"async\" width=\"1280\" height=\"853\" src=\"https:\/\/www.egemtv.com\/wp-content\/uploads\/2025\/01\/selcukta-deve-guresleri-festivali-heyecani-basliyor_d70422d7189a.jpg\" class=\"attachment-full size-full not-transparent\" alt=\"\" data-has-transparency=\"false\" data-dominant-color=\"9b8e86\" style=\"--dominant-color: #9b8e86\" \/><\/p>\n","protected":false},"excerpt":{"rendered":"<p>\u0130zmir Sel\u00e7uk\u2019ta 43. Uluslararas\u0131 Deve G\u00fcre\u015fleri Festivali 19 Ocak\u2019ta Pamucak G\u00fcre\u015f Arenas\u0131\u2019nda ger\u00e7ekle\u015fecek. Bu y\u0131l da heyecanl\u0131 dakikalar\u0131n ya\u015fanaca\u011f\u0131 g\u00fcre\u015flere Ege, Akdeniz ve Marmara b\u00f6lgelerinden gelecek pehlivan develer kat\u0131lacak. Toplam 120 devenin kat\u0131laca\u011f\u0131 43. Uluslararas\u0131 Efes Sel\u00e7uk Deve G\u00fcre\u015fleri Festivali\u2019nde belirlenecek 5 \u00e7ift pehlivan deve Alt\u0131n Artemis \u00d6d\u00fcl\u00fc i\u00e7in g\u00fcre\u015fecek. T\u00fcrkiye\u2019nin tek uluslararas\u0131 deve g\u00fcre\u015fi&#8230;<\/p>\n","protected":false},"author":1,"featured_media":7596,"comment_status":"open","ping_status":"open","sticky":false,"template":"","format":"standard","meta":{"_crdt_document":"","footnotes":""},"categories":[1],"tags":[],"class_list":["post-7595","post","type-post","status-publish","format-standard","has-post-thumbnail","hentry","category-guncel"],"_links":{"self":[{"href":"https:\/\/www.egemtv.com\/index.php?rest_route=\/wp\/v2\/posts\/7595","targetHints":{"allow":["GET"]}}],"collection":[{"href":"https:\/\/www.egemtv.com\/index.php?rest_route=\/wp\/v2\/posts"}],"about":[{"href":"https:\/\/www.egemtv.com\/index.php?rest_route=\/wp\/v2\/types\/post"}],"author":[{"embeddable":true,"href":"https:\/\/www.egemtv.com\/index.php?rest_route=\/wp\/v2\/users\/1"}],"replies":[{"embeddable":true,"href":"https:\/\/www.egemtv.com\/index.php?rest_route=%2Fwp%2Fv2%2Fcomments&post=7595"}],"version-history":[{"count":1,"href":"https:\/\/www.egemtv.com\/index.php?rest_route=\/wp\/v2\/posts\/7595\/revisions"}],"predecessor-version":[{"id":7599,"href":"https:\/\/www.egemtv.com\/index.php?rest_route=\/wp\/v2\/posts\/7595\/revisions\/7599"}],"wp:featuredmedia":[{"embeddable":true,"href":"https:\/\/www.egemtv.com\/index.php?rest_route=\/wp\/v2\/media\/7596"}],"wp:attachment":[{"href":"https:\/\/www.egemtv.com\/index.php?rest_route=%2Fwp%2Fv2%2Fmedia&parent=7595"}],"wp:term":[{"taxonomy":"category","embeddable":true,"href":"https:\/\/www.egemtv.com\/index.php?rest_route=%2Fwp%2Fv2%2Fcategories&post=7595"},{"taxonomy":"post_tag","embeddable":true,"href":"https:\/\/www.egemtv.com\/index.php?rest_route=%2Fwp%2Fv2%2Ftags&post=7595"}],"curies":[{"name":"wp","href":"https:\/\/api.w.org\/{rel}","templated":true}]}}