{"id":75916,"date":"2025-12-22T19:14:50","date_gmt":"2025-12-22T16:14:50","guid":{"rendered":"https:\/\/www.egemtv.com\/?p=75916"},"modified":"2025-12-22T19:14:51","modified_gmt":"2025-12-22T16:14:51","slug":"afyonkarahisarda-kar-yagisi-yuksek-kesimlerde-etkili-oldu","status":"publish","type":"post","link":"https:\/\/www.egemtv.com\/?p=75916","title":{"rendered":"Afyonkarahisar\u2019da kar ya\u011f\u0131\u015f\u0131 y\u00fcksek kesimlerde etkili oldu"},"content":{"rendered":"<p>Afyonkarahisar\u2019da etkili olan ya\u011fmur ya\u011f\u0131\u015f\u0131 y\u00fcksek kesimlerde yerini kar ya\u011f\u0131\u015f\u0131na b\u0131rakt\u0131.<br \/>\n<br \/>Meteorolojinin uyar\u0131lar\u0131 sonras\u0131 kentte beklenen ya\u011f\u0131\u015f \u00f6\u011fle saatlerinde ba\u015flad\u0131. Ya\u011f\u0131\u015f kent merkezinde etkili olurken y\u00fcksek kesimlerde ise yerine kara b\u0131rakt\u0131. Kar ya\u011f\u0131\u015f\u0131 \u00f6zellikle Emirda\u011f ve \u015euhut il\u00e7elerinde y\u00fcksek rak\u0131ml\u0131 b\u00f6lgelerde etraf\u0131 beyaza b\u00fcr\u00fcd\u00fc. Kentte hem ya\u011fmur hem de kar ya\u011f\u0131\u015f\u0131 vatanda\u015flar taraf\u0131ndan sevin\u00e7le kar\u015f\u0131land\u0131.<br \/><\/p>\n","protected":false},"excerpt":{"rendered":"<p>Afyonkarahisar\u2019da etkili olan ya\u011fmur ya\u011f\u0131\u015f\u0131 y\u00fcksek kesimlerde yerini kar ya\u011f\u0131\u015f\u0131na b\u0131rakt\u0131. Meteorolojinin uyar\u0131lar\u0131 sonras\u0131 kentte beklenen ya\u011f\u0131\u015f \u00f6\u011fle saatlerinde ba\u015flad\u0131. Ya\u011f\u0131\u015f kent merkezinde etkili olurken y\u00fcksek kesimlerde ise yerine kara b\u0131rakt\u0131. Kar ya\u011f\u0131\u015f\u0131 \u00f6zellikle Emirda\u011f ve \u015euhut il\u00e7elerinde y\u00fcksek rak\u0131ml\u0131 b\u00f6lgelerde etraf\u0131 beyaza b\u00fcr\u00fcd\u00fc. Kentte hem ya\u011fmur hem de kar ya\u011f\u0131\u015f\u0131 vatanda\u015flar taraf\u0131ndan sevin\u00e7le kar\u015f\u0131land\u0131.<\/p>\n","protected":false},"author":1,"featured_media":75917,"comment_status":"open","ping_status":"open","sticky":false,"template":"","format":"standard","meta":{"_crdt_document":"","footnotes":""},"categories":[1],"tags":[],"class_list":["post-75916","post","type-post","status-publish","format-standard","has-post-thumbnail","hentry","category-guncel"],"_links":{"self":[{"href":"https:\/\/www.egemtv.com\/index.php?rest_route=\/wp\/v2\/posts\/75916","targetHints":{"allow":["GET"]}}],"collection":[{"href":"https:\/\/www.egemtv.com\/index.php?rest_route=\/wp\/v2\/posts"}],"about":[{"href":"https:\/\/www.egemtv.com\/index.php?rest_route=\/wp\/v2\/types\/post"}],"author":[{"embeddable":true,"href":"https:\/\/www.egemtv.com\/index.php?rest_route=\/wp\/v2\/users\/1"}],"replies":[{"embeddable":true,"href":"https:\/\/www.egemtv.com\/index.php?rest_route=%2Fwp%2Fv2%2Fcomments&post=75916"}],"version-history":[{"count":1,"href":"https:\/\/www.egemtv.com\/index.php?rest_route=\/wp\/v2\/posts\/75916\/revisions"}],"predecessor-version":[{"id":75918,"href":"https:\/\/www.egemtv.com\/index.php?rest_route=\/wp\/v2\/posts\/75916\/revisions\/75918"}],"wp:featuredmedia":[{"embeddable":true,"href":"https:\/\/www.egemtv.com\/index.php?rest_route=\/wp\/v2\/media\/75917"}],"wp:attachment":[{"href":"https:\/\/www.egemtv.com\/index.php?rest_route=%2Fwp%2Fv2%2Fmedia&parent=75916"}],"wp:term":[{"taxonomy":"category","embeddable":true,"href":"https:\/\/www.egemtv.com\/index.php?rest_route=%2Fwp%2Fv2%2Fcategories&post=75916"},{"taxonomy":"post_tag","embeddable":true,"href":"https:\/\/www.egemtv.com\/index.php?rest_route=%2Fwp%2Fv2%2Ftags&post=75916"}],"curies":[{"name":"wp","href":"https:\/\/api.w.org\/{rel}","templated":true}]}}