{"id":75913,"date":"2025-12-22T18:54:34","date_gmt":"2025-12-22T15:54:34","guid":{"rendered":"https:\/\/www.egemtv.com\/?p=75913"},"modified":"2025-12-22T18:54:35","modified_gmt":"2025-12-22T15:54:35","slug":"izmirde-uyusturucu-operasyonu-1-tutuklama-3","status":"publish","type":"post","link":"https:\/\/www.egemtv.com\/?p=75913","title":{"rendered":"\u0130zmir\u2019de uyu\u015fturucu operasyonu: 1 tutuklama"},"content":{"rendered":"<p>\u0130zmir\u2019in Bergama il\u00e7esinde polis ekipleri taraf\u0131ndan uyu\u015fturucu madde ticaretine y\u00f6nelik y\u00fcr\u00fct\u00fclen \u00e7al\u0131\u015fmalar kapsam\u0131nda 1 \u015f\u00fcpheli yakaland\u0131. \u015e\u00fcpheli, emniyetteki i\u015flemlerin ard\u0131ndan tutukland\u0131.<br \/>\n<br \/>Bergama \u0130l\u00e7e Emniyet M\u00fcd\u00fcrl\u00fc\u011f\u00fc ekiplerince, gen\u00e7leri hedef alan uyu\u015fturucu madde ticaretine y\u00f6nelik y\u00fcr\u00fct\u00fclen \u00e7al\u0131\u015fmalar kapsam\u0131nda M.U. isimli \u015fahs\u0131n uyu\u015fturucu madde ticareti yapt\u0131\u011f\u0131 tespit edildi. D\u00fczenlenen operasyonla g\u00f6zalt\u0131na al\u0131nan \u015f\u00fcpheli, emniyetteki i\u015flemlerinin ard\u0131ndan adli makamlara sevk edildi. M.U., \u00e7\u0131kar\u0131ld\u0131\u011f\u0131 mahkemece tutuklanarak cezaevine teslim edildi.<br \/><\/p>\n","protected":false},"excerpt":{"rendered":"<p>\u0130zmir\u2019in Bergama il\u00e7esinde polis ekipleri taraf\u0131ndan uyu\u015fturucu madde ticaretine y\u00f6nelik y\u00fcr\u00fct\u00fclen \u00e7al\u0131\u015fmalar kapsam\u0131nda 1 \u015f\u00fcpheli yakaland\u0131. \u015e\u00fcpheli, emniyetteki i\u015flemlerin ard\u0131ndan tutukland\u0131. Bergama \u0130l\u00e7e Emniyet M\u00fcd\u00fcrl\u00fc\u011f\u00fc ekiplerince, gen\u00e7leri hedef alan uyu\u015fturucu madde ticaretine y\u00f6nelik y\u00fcr\u00fct\u00fclen \u00e7al\u0131\u015fmalar kapsam\u0131nda M.U. isimli \u015fahs\u0131n uyu\u015fturucu madde ticareti yapt\u0131\u011f\u0131 tespit edildi. D\u00fczenlenen operasyonla g\u00f6zalt\u0131na al\u0131nan \u015f\u00fcpheli, emniyetteki i\u015flemlerinin ard\u0131ndan adli makamlara&#8230;<\/p>\n","protected":false},"author":1,"featured_media":75914,"comment_status":"open","ping_status":"open","sticky":false,"template":"","format":"standard","meta":{"_crdt_document":"","footnotes":""},"categories":[5],"tags":[],"class_list":["post-75913","post","type-post","status-publish","format-standard","has-post-thumbnail","hentry","category-asayis"],"_links":{"self":[{"href":"https:\/\/www.egemtv.com\/index.php?rest_route=\/wp\/v2\/posts\/75913","targetHints":{"allow":["GET"]}}],"collection":[{"href":"https:\/\/www.egemtv.com\/index.php?rest_route=\/wp\/v2\/posts"}],"about":[{"href":"https:\/\/www.egemtv.com\/index.php?rest_route=\/wp\/v2\/types\/post"}],"author":[{"embeddable":true,"href":"https:\/\/www.egemtv.com\/index.php?rest_route=\/wp\/v2\/users\/1"}],"replies":[{"embeddable":true,"href":"https:\/\/www.egemtv.com\/index.php?rest_route=%2Fwp%2Fv2%2Fcomments&post=75913"}],"version-history":[{"count":1,"href":"https:\/\/www.egemtv.com\/index.php?rest_route=\/wp\/v2\/posts\/75913\/revisions"}],"predecessor-version":[{"id":75915,"href":"https:\/\/www.egemtv.com\/index.php?rest_route=\/wp\/v2\/posts\/75913\/revisions\/75915"}],"wp:featuredmedia":[{"embeddable":true,"href":"https:\/\/www.egemtv.com\/index.php?rest_route=\/wp\/v2\/media\/75914"}],"wp:attachment":[{"href":"https:\/\/www.egemtv.com\/index.php?rest_route=%2Fwp%2Fv2%2Fmedia&parent=75913"}],"wp:term":[{"taxonomy":"category","embeddable":true,"href":"https:\/\/www.egemtv.com\/index.php?rest_route=%2Fwp%2Fv2%2Fcategories&post=75913"},{"taxonomy":"post_tag","embeddable":true,"href":"https:\/\/www.egemtv.com\/index.php?rest_route=%2Fwp%2Fv2%2Ftags&post=75913"}],"curies":[{"name":"wp","href":"https:\/\/api.w.org\/{rel}","templated":true}]}}