{"id":75910,"date":"2025-12-22T18:54:33","date_gmt":"2025-12-22T15:54:33","guid":{"rendered":"https:\/\/www.egemtv.com\/?p=75910"},"modified":"2025-12-22T18:54:34","modified_gmt":"2025-12-22T15:54:34","slug":"takla-atarak-hurdaya-donen-aracta-gelin-ve-kaynana-yaralandi","status":"publish","type":"post","link":"https:\/\/www.egemtv.com\/?p=75910","title":{"rendered":"Takla atarak hurdaya d\u00f6nen ara\u00e7ta gelin ve kaynana yaraland\u0131"},"content":{"rendered":"<p>\u0130zmir\u2019in Menemen il\u00e7esinde kontrolden \u00e7\u0131kan otomobilin takla atarak hurdaya d\u00f6nmesi sonucu ara\u00e7ta bulunan gelin ve kaynana yaraland\u0131.<br \/>\n<br \/>Kaza, saat 16.45 s\u0131ralar\u0131nda Gerenk\u00f6y Kav\u015fa\u011f\u0131\u2019nda meydana geldi. Edinilen bilgiye g\u00f6re, D\u00f6nd\u00fc C. (30) idaresindeki 35 ARV 980 plakal\u0131 otomobil, s\u00fcr\u00fcc\u00fcs\u00fcn\u00fcn direksiyon hakimiyetini kaybetmesi \u00fczerine ref\u00fcje \u00e7arparak ters d\u00f6nd\u00fc. Kazada s\u00fcr\u00fcc\u00fc D\u00f6nd\u00fc C. ile ara\u00e7ta yolcu olarak bulunan kaynanas\u0131 Fadime C. (61) yaraland\u0131. \u0130hbar \u00fczerine olay yerine gelen sa\u011fl\u0131k ekiplerince yap\u0131lan ilk m\u00fcdahalenin ard\u0131ndan ambulansla hastaneye kald\u0131r\u0131lan yaral\u0131lar\u0131n hayati tehlikesinin olmad\u0131\u011f\u0131 \u00f6\u011frenildi.<br \/>\n<br \/>\u00d6te yandan jandarma kazayla ilgili inceleme ba\u015flatt\u0131.<br \/><\/p>\n","protected":false},"excerpt":{"rendered":"<p>\u0130zmir\u2019in Menemen il\u00e7esinde kontrolden \u00e7\u0131kan otomobilin takla atarak hurdaya d\u00f6nmesi sonucu ara\u00e7ta bulunan gelin ve kaynana yaraland\u0131. Kaza, saat 16.45 s\u0131ralar\u0131nda Gerenk\u00f6y Kav\u015fa\u011f\u0131\u2019nda meydana geldi. Edinilen bilgiye g\u00f6re, D\u00f6nd\u00fc C. (30) idaresindeki 35 ARV 980 plakal\u0131 otomobil, s\u00fcr\u00fcc\u00fcs\u00fcn\u00fcn direksiyon hakimiyetini kaybetmesi \u00fczerine ref\u00fcje \u00e7arparak ters d\u00f6nd\u00fc. Kazada s\u00fcr\u00fcc\u00fc D\u00f6nd\u00fc C. ile ara\u00e7ta yolcu olarak bulunan&#8230;<\/p>\n","protected":false},"author":1,"featured_media":75911,"comment_status":"open","ping_status":"open","sticky":false,"template":"","format":"standard","meta":{"_crdt_document":"","footnotes":""},"categories":[5],"tags":[],"class_list":["post-75910","post","type-post","status-publish","format-standard","has-post-thumbnail","hentry","category-asayis"],"_links":{"self":[{"href":"https:\/\/www.egemtv.com\/index.php?rest_route=\/wp\/v2\/posts\/75910","targetHints":{"allow":["GET"]}}],"collection":[{"href":"https:\/\/www.egemtv.com\/index.php?rest_route=\/wp\/v2\/posts"}],"about":[{"href":"https:\/\/www.egemtv.com\/index.php?rest_route=\/wp\/v2\/types\/post"}],"author":[{"embeddable":true,"href":"https:\/\/www.egemtv.com\/index.php?rest_route=\/wp\/v2\/users\/1"}],"replies":[{"embeddable":true,"href":"https:\/\/www.egemtv.com\/index.php?rest_route=%2Fwp%2Fv2%2Fcomments&post=75910"}],"version-history":[{"count":1,"href":"https:\/\/www.egemtv.com\/index.php?rest_route=\/wp\/v2\/posts\/75910\/revisions"}],"predecessor-version":[{"id":75912,"href":"https:\/\/www.egemtv.com\/index.php?rest_route=\/wp\/v2\/posts\/75910\/revisions\/75912"}],"wp:featuredmedia":[{"embeddable":true,"href":"https:\/\/www.egemtv.com\/index.php?rest_route=\/wp\/v2\/media\/75911"}],"wp:attachment":[{"href":"https:\/\/www.egemtv.com\/index.php?rest_route=%2Fwp%2Fv2%2Fmedia&parent=75910"}],"wp:term":[{"taxonomy":"category","embeddable":true,"href":"https:\/\/www.egemtv.com\/index.php?rest_route=%2Fwp%2Fv2%2Fcategories&post=75910"},{"taxonomy":"post_tag","embeddable":true,"href":"https:\/\/www.egemtv.com\/index.php?rest_route=%2Fwp%2Fv2%2Ftags&post=75910"}],"curies":[{"name":"wp","href":"https:\/\/api.w.org\/{rel}","templated":true}]}}