{"id":75907,"date":"2025-12-22T18:19:20","date_gmt":"2025-12-22T15:19:20","guid":{"rendered":"https:\/\/www.egemtv.com\/?p=75907"},"modified":"2025-12-22T18:19:20","modified_gmt":"2025-12-22T15:19:20","slug":"yangina-giden-itfaiye-araci-kaza-yapti-1-yarali","status":"publish","type":"post","link":"https:\/\/www.egemtv.com\/?p=75907","title":{"rendered":"Yang\u0131na giden itfaiye arac\u0131 kaza yapt\u0131: 1 yaral\u0131"},"content":{"rendered":"<p>Manisa\u2019n\u0131n Kula il\u00e7esinde, yang\u0131na destek amac\u0131yla yola \u00e7\u0131kan itfaiye arac\u0131 s\u00fcr\u00fcc\u00fcs\u00fcn\u00fcn direksiyon hakimiyetini kaybetmesi sonucu takla att\u0131. \u0130tfaiye arac\u0131n\u0131n tarlaya savruldu\u011fu kazada 1 itfaiye personeli yaraland\u0131.<br \/>\n<br \/>Edinilen bilgilere g\u00f6re, Manisa B\u00fcy\u00fck\u015fehir Belediyesi \u0130tfaiyesi Kula \u0130tfaiye Amirli\u011fi\u2019ne ba\u011fl\u0131 Ba\u015f\u0131b\u00fcy\u00fck M\u00fcfrezesi\u2019nde g\u00f6revli itfaiye personeli \u015e.B. idaresindeki ara\u00e7, Kula il\u00e7esine ba\u011fl\u0131 Ahmetli Mahallesi\u2019nde meydana gelen yang\u0131na destek i\u00e7in seyir halindeyken, s\u00fcr\u00fcc\u00fcn\u00fcn direksiyon h\u00e2kimiyetini kaybetmesi sonucu yoldan \u00e7\u0131karak takla att\u0131. Takla atan itfaiye arac\u0131 tarlaya savrulurken ara\u00e7 s\u00fcr\u00fcc\u00fcs\u00fc \u015e.B. yaraland\u0131. Kazay\u0131 g\u00f6ren vatanda\u015flar\u0131n 112 Acil \u00c7a\u011fr\u0131 Merkezi\u2019ne bildirmesi \u00fczerine olay yerine ambulans ve jandarma ekipleri sevk edildi. \u0130hbar \u00fczerine olay yerine gelen sa\u011fl\u0131k ekipleri taraf\u0131ndan ilk m\u00fcdahalesi yap\u0131lan yaral\u0131, Kula Devlet Hastanesi\u2019ne kald\u0131r\u0131larak tedavi alt\u0131na al\u0131nd\u0131.<br \/>\n<br \/>Kazayla ilgili olarak yetkililer taraf\u0131ndan inceleme ba\u015flat\u0131ld\u0131.<br \/><\/p>\n","protected":false},"excerpt":{"rendered":"<p>Manisa\u2019n\u0131n Kula il\u00e7esinde, yang\u0131na destek amac\u0131yla yola \u00e7\u0131kan itfaiye arac\u0131 s\u00fcr\u00fcc\u00fcs\u00fcn\u00fcn direksiyon hakimiyetini kaybetmesi sonucu takla att\u0131. \u0130tfaiye arac\u0131n\u0131n tarlaya savruldu\u011fu kazada 1 itfaiye personeli yaraland\u0131. Edinilen bilgilere g\u00f6re, Manisa B\u00fcy\u00fck\u015fehir Belediyesi \u0130tfaiyesi Kula \u0130tfaiye Amirli\u011fi\u2019ne ba\u011fl\u0131 Ba\u015f\u0131b\u00fcy\u00fck M\u00fcfrezesi\u2019nde g\u00f6revli itfaiye personeli \u015e.B. idaresindeki ara\u00e7, Kula il\u00e7esine ba\u011fl\u0131 Ahmetli Mahallesi\u2019nde meydana gelen yang\u0131na destek i\u00e7in&#8230;<\/p>\n","protected":false},"author":1,"featured_media":75908,"comment_status":"open","ping_status":"open","sticky":false,"template":"","format":"standard","meta":{"_crdt_document":"","footnotes":""},"categories":[5],"tags":[],"class_list":["post-75907","post","type-post","status-publish","format-standard","has-post-thumbnail","hentry","category-asayis"],"_links":{"self":[{"href":"https:\/\/www.egemtv.com\/index.php?rest_route=\/wp\/v2\/posts\/75907","targetHints":{"allow":["GET"]}}],"collection":[{"href":"https:\/\/www.egemtv.com\/index.php?rest_route=\/wp\/v2\/posts"}],"about":[{"href":"https:\/\/www.egemtv.com\/index.php?rest_route=\/wp\/v2\/types\/post"}],"author":[{"embeddable":true,"href":"https:\/\/www.egemtv.com\/index.php?rest_route=\/wp\/v2\/users\/1"}],"replies":[{"embeddable":true,"href":"https:\/\/www.egemtv.com\/index.php?rest_route=%2Fwp%2Fv2%2Fcomments&post=75907"}],"version-history":[{"count":1,"href":"https:\/\/www.egemtv.com\/index.php?rest_route=\/wp\/v2\/posts\/75907\/revisions"}],"predecessor-version":[{"id":75909,"href":"https:\/\/www.egemtv.com\/index.php?rest_route=\/wp\/v2\/posts\/75907\/revisions\/75909"}],"wp:featuredmedia":[{"embeddable":true,"href":"https:\/\/www.egemtv.com\/index.php?rest_route=\/wp\/v2\/media\/75908"}],"wp:attachment":[{"href":"https:\/\/www.egemtv.com\/index.php?rest_route=%2Fwp%2Fv2%2Fmedia&parent=75907"}],"wp:term":[{"taxonomy":"category","embeddable":true,"href":"https:\/\/www.egemtv.com\/index.php?rest_route=%2Fwp%2Fv2%2Fcategories&post=75907"},{"taxonomy":"post_tag","embeddable":true,"href":"https:\/\/www.egemtv.com\/index.php?rest_route=%2Fwp%2Fv2%2Ftags&post=75907"}],"curies":[{"name":"wp","href":"https:\/\/api.w.org\/{rel}","templated":true}]}}