{"id":75904,"date":"2025-12-22T17:54:41","date_gmt":"2025-12-22T14:54:41","guid":{"rendered":"https:\/\/www.egemtv.com\/?p=75904"},"modified":"2025-12-22T17:54:41","modified_gmt":"2025-12-22T14:54:41","slug":"saganak-yagmur-ciftcileri-sevindirdi","status":"publish","type":"post","link":"https:\/\/www.egemtv.com\/?p=75904","title":{"rendered":"Sa\u011fanak ya\u011fmur \u00e7ift\u00e7ileri sevindirdi"},"content":{"rendered":"<p>Manisa\u2019n\u0131n Sar\u0131g\u00f6l il\u00e7esi ve \u00e7evresinde uzun s\u00fcredir beklenen sa\u011fanak ya\u011fmur, tar\u0131m alanlar\u0131n\u0131 sularken \u00e7ift\u00e7ilerin de y\u00fcz\u00fcn\u00fc g\u00fcld\u00fcrd\u00fc.<br \/>\n<br \/>B\u00f6lgede etkili olan sa\u011fanak ya\u011f\u0131\u015flar\u0131n topra\u011fa yava\u015f yava\u015f emilerek d\u00fc\u015fmesinin tar\u0131m a\u00e7\u0131s\u0131ndan son derece faydal\u0131 oldu\u011funu belirten \u00e7ift\u00e7iler, ya\u011fmurun \u00f6zellikle ba\u011flar ve ekili alanlar i\u00e7in can suyu oldu\u011funu ifade etti.<br \/>\n<br \/>\u00c7ift\u00e7iler yapt\u0131klar\u0131 a\u00e7\u0131klamada, &#8220;Ya\u011fmurlar\u0131 d\u00f6rt g\u00f6zle bekliyorduk. Uzun zamand\u0131r ba\u011flar\u0131m\u0131z\u0131 derin kuyu sondaj pompalar\u0131yla sulamak zorunda kal\u0131yorduk. Kurakl\u0131k nedeniyle barajlardaki su seviyeleri de olduk\u00e7a d\u00fc\u015ft\u00fc. Bu ya\u011f\u0131\u015flar devam ederse ekili alanlar ve ba\u011flar\u0131m\u0131z\u0131n k\u0131\u015fl\u0131k su ihtiyac\u0131 b\u00fcy\u00fck \u00f6l\u00e7\u00fcde kar\u015f\u0131lanm\u0131\u015f olur&#8221; dedi.<br \/>\n<br \/>\u00d6te yandan sa\u011fanak ya\u011f\u0131\u015flar\u0131n ard\u0131ndan il\u00e7e merkezi ve \u00e7evresinde olu\u015fan sisin, \u00f6zellikle sabah ve ak\u015fam saatlerinde g\u00f6r\u00fc\u015f mesafesini olumsuz etkiledi\u011fi bildirildi.<br \/><\/p>\n","protected":false},"excerpt":{"rendered":"<p>Manisa\u2019n\u0131n Sar\u0131g\u00f6l il\u00e7esi ve \u00e7evresinde uzun s\u00fcredir beklenen sa\u011fanak ya\u011fmur, tar\u0131m alanlar\u0131n\u0131 sularken \u00e7ift\u00e7ilerin de y\u00fcz\u00fcn\u00fc g\u00fcld\u00fcrd\u00fc. B\u00f6lgede etkili olan sa\u011fanak ya\u011f\u0131\u015flar\u0131n topra\u011fa yava\u015f yava\u015f emilerek d\u00fc\u015fmesinin tar\u0131m a\u00e7\u0131s\u0131ndan son derece faydal\u0131 oldu\u011funu belirten \u00e7ift\u00e7iler, ya\u011fmurun \u00f6zellikle ba\u011flar ve ekili alanlar i\u00e7in can suyu oldu\u011funu ifade etti. \u00c7ift\u00e7iler yapt\u0131klar\u0131 a\u00e7\u0131klamada, &#8220;Ya\u011fmurlar\u0131 d\u00f6rt g\u00f6zle bekliyorduk. Uzun&#8230;<\/p>\n","protected":false},"author":1,"featured_media":75905,"comment_status":"open","ping_status":"open","sticky":false,"template":"","format":"standard","meta":{"_crdt_document":"","footnotes":""},"categories":[1],"tags":[],"class_list":["post-75904","post","type-post","status-publish","format-standard","has-post-thumbnail","hentry","category-guncel"],"_links":{"self":[{"href":"https:\/\/www.egemtv.com\/index.php?rest_route=\/wp\/v2\/posts\/75904","targetHints":{"allow":["GET"]}}],"collection":[{"href":"https:\/\/www.egemtv.com\/index.php?rest_route=\/wp\/v2\/posts"}],"about":[{"href":"https:\/\/www.egemtv.com\/index.php?rest_route=\/wp\/v2\/types\/post"}],"author":[{"embeddable":true,"href":"https:\/\/www.egemtv.com\/index.php?rest_route=\/wp\/v2\/users\/1"}],"replies":[{"embeddable":true,"href":"https:\/\/www.egemtv.com\/index.php?rest_route=%2Fwp%2Fv2%2Fcomments&post=75904"}],"version-history":[{"count":1,"href":"https:\/\/www.egemtv.com\/index.php?rest_route=\/wp\/v2\/posts\/75904\/revisions"}],"predecessor-version":[{"id":75906,"href":"https:\/\/www.egemtv.com\/index.php?rest_route=\/wp\/v2\/posts\/75904\/revisions\/75906"}],"wp:featuredmedia":[{"embeddable":true,"href":"https:\/\/www.egemtv.com\/index.php?rest_route=\/wp\/v2\/media\/75905"}],"wp:attachment":[{"href":"https:\/\/www.egemtv.com\/index.php?rest_route=%2Fwp%2Fv2%2Fmedia&parent=75904"}],"wp:term":[{"taxonomy":"category","embeddable":true,"href":"https:\/\/www.egemtv.com\/index.php?rest_route=%2Fwp%2Fv2%2Fcategories&post=75904"},{"taxonomy":"post_tag","embeddable":true,"href":"https:\/\/www.egemtv.com\/index.php?rest_route=%2Fwp%2Fv2%2Ftags&post=75904"}],"curies":[{"name":"wp","href":"https:\/\/api.w.org\/{rel}","templated":true}]}}