{"id":75901,"date":"2025-12-22T17:54:40","date_gmt":"2025-12-22T14:54:40","guid":{"rendered":"https:\/\/www.egemtv.com\/?p=75901"},"modified":"2025-12-22T17:54:41","modified_gmt":"2025-12-22T14:54:41","slug":"otoyol-kontrolunde-uyusturucu-ile-yakalaninca-ehliyete-5-yil-el-konuldu","status":"publish","type":"post","link":"https:\/\/www.egemtv.com\/?p=75901","title":{"rendered":"Otoyol kontrol\u00fcnde uyu\u015fturucu ile yakalan\u0131nca ehliyete 5 y\u0131l el konuldu"},"content":{"rendered":"<p>Ayd\u0131n\u2019\u0131n Germencik il\u00e7esinde otoban \u00fczerinde jandarma ekipleri taraf\u0131ndan durumundan \u015f\u00fcphelenilerek durdurulan ara\u00e7 i\u00e7erisinde uyu\u015fturucu madde ele ge\u00e7irilirken, s\u00fcr\u00fcc\u00fcn\u00fcn ehliyetine 5 y\u0131l s\u00fcre ile el konuldu.<\/p>\n<p>Ayd\u0131n\u2019da jandarma ekiplerinin vatanda\u015flar\u0131n huzur ve g\u00fcvenli\u011fi i\u00e7in \u00e7al\u0131\u015fmalar\u0131 aral\u0131ks\u0131z s\u00fcr\u00fcyor. Edinilen bilgiye g\u00f6re, Ayd\u0131n \u0130l Jandarma Komutanl\u0131\u011f\u0131\u2019na ba\u011fl\u0131 H\u0131d\u0131rbeyli Otoyol Jandarma Karakol Komutanl\u0131\u011f\u0131 ile Narkotik \u015eube M\u00fcd\u00fcrl\u00fc\u011f\u00fc ekipleri taraf\u0131ndan \u0130zmir-Ayd\u0131n Otoyolu Germencik gi\u015felerinde ger\u00e7ekle\u015ftirilen yol kontrol\u00fc s\u0131ras\u0131nda durdurulan bir ara\u00e7ta arama yap\u0131ld\u0131. Yap\u0131lan aramada ara\u00e7 i\u00e7erisinde 40 tablet uyu\u015fturucu ve uyar\u0131c\u0131 madde bulundu. Ara\u00e7 s\u00fcr\u00fcc\u00fcs\u00fc D.D. (20) hakk\u0131nda idari i\u015flem uygulan\u0131rken, s\u00fcr\u00fcc\u00fc belgesine 5 y\u0131l s\u00fcreyle el konuldu.<\/p>\n<p>Olayla ilgili soru\u015fturma s\u00fcr\u00fcyor.<br \/><\/p>\n","protected":false},"excerpt":{"rendered":"<p>Ayd\u0131n\u2019\u0131n Germencik il\u00e7esinde otoban \u00fczerinde jandarma ekipleri taraf\u0131ndan durumundan \u015f\u00fcphelenilerek durdurulan ara\u00e7 i\u00e7erisinde uyu\u015fturucu madde ele ge\u00e7irilirken, s\u00fcr\u00fcc\u00fcn\u00fcn ehliyetine 5 y\u0131l s\u00fcre ile el konuldu. Ayd\u0131n\u2019da jandarma ekiplerinin vatanda\u015flar\u0131n huzur ve g\u00fcvenli\u011fi i\u00e7in \u00e7al\u0131\u015fmalar\u0131 aral\u0131ks\u0131z s\u00fcr\u00fcyor. Edinilen bilgiye g\u00f6re, Ayd\u0131n \u0130l Jandarma Komutanl\u0131\u011f\u0131\u2019na ba\u011fl\u0131 H\u0131d\u0131rbeyli Otoyol Jandarma Karakol Komutanl\u0131\u011f\u0131 ile Narkotik \u015eube M\u00fcd\u00fcrl\u00fc\u011f\u00fc ekipleri taraf\u0131ndan&#8230;<\/p>\n","protected":false},"author":1,"featured_media":75902,"comment_status":"open","ping_status":"open","sticky":false,"template":"","format":"standard","meta":{"_crdt_document":"","footnotes":""},"categories":[5],"tags":[],"class_list":["post-75901","post","type-post","status-publish","format-standard","has-post-thumbnail","hentry","category-asayis"],"_links":{"self":[{"href":"https:\/\/www.egemtv.com\/index.php?rest_route=\/wp\/v2\/posts\/75901","targetHints":{"allow":["GET"]}}],"collection":[{"href":"https:\/\/www.egemtv.com\/index.php?rest_route=\/wp\/v2\/posts"}],"about":[{"href":"https:\/\/www.egemtv.com\/index.php?rest_route=\/wp\/v2\/types\/post"}],"author":[{"embeddable":true,"href":"https:\/\/www.egemtv.com\/index.php?rest_route=\/wp\/v2\/users\/1"}],"replies":[{"embeddable":true,"href":"https:\/\/www.egemtv.com\/index.php?rest_route=%2Fwp%2Fv2%2Fcomments&post=75901"}],"version-history":[{"count":1,"href":"https:\/\/www.egemtv.com\/index.php?rest_route=\/wp\/v2\/posts\/75901\/revisions"}],"predecessor-version":[{"id":75903,"href":"https:\/\/www.egemtv.com\/index.php?rest_route=\/wp\/v2\/posts\/75901\/revisions\/75903"}],"wp:featuredmedia":[{"embeddable":true,"href":"https:\/\/www.egemtv.com\/index.php?rest_route=\/wp\/v2\/media\/75902"}],"wp:attachment":[{"href":"https:\/\/www.egemtv.com\/index.php?rest_route=%2Fwp%2Fv2%2Fmedia&parent=75901"}],"wp:term":[{"taxonomy":"category","embeddable":true,"href":"https:\/\/www.egemtv.com\/index.php?rest_route=%2Fwp%2Fv2%2Fcategories&post=75901"},{"taxonomy":"post_tag","embeddable":true,"href":"https:\/\/www.egemtv.com\/index.php?rest_route=%2Fwp%2Fv2%2Ftags&post=75901"}],"curies":[{"name":"wp","href":"https:\/\/api.w.org\/{rel}","templated":true}]}}