{"id":75898,"date":"2025-12-22T17:34:57","date_gmt":"2025-12-22T14:34:57","guid":{"rendered":"https:\/\/www.egemtv.com\/?p=75898"},"modified":"2025-12-22T17:34:58","modified_gmt":"2025-12-22T14:34:58","slug":"alti-nokta-korler-dernegi-kutahya-genclik-meclisinden-proje-toplantisi","status":"publish","type":"post","link":"https:\/\/www.egemtv.com\/?p=75898","title":{"rendered":"Alt\u0131 Nokta K\u00f6rler Derne\u011fi K\u00fctahya Gen\u00e7lik Meclisi\u2019nden Proje Toplant\u0131s\u0131"},"content":{"rendered":"<p>Alt\u0131 Nokta K\u00f6rler Derne\u011fi K\u00fctahya Gen\u00e7lik Meclisi\u2019nin \u00f6nc\u00fcl\u00fc\u011f\u00fcnde, derne\u011fin K\u00fctahya \u015eubesi ev sahipli\u011finde g\u00f6rme engelli gen\u00e7lerin kat\u0131l\u0131m\u0131yla isti\u015fare toplant\u0131s\u0131 ger\u00e7ekle\u015ftirildi. Toplant\u0131da, gen\u00e7lik meclisi \u00fcyeleri ileriye d\u00f6n\u00fck projeler ve ya\u015fad\u0131klar\u0131 sorunlara ili\u015fkin g\u00f6r\u00fc\u015flerini payla\u015ft\u0131.<br \/>\n<br \/>Toplant\u0131n\u0131n a\u00e7\u0131l\u0131\u015f konu\u015fmas\u0131n\u0131 yapan Alt\u0131 Nokta K\u00f6rler Derne\u011fi K\u00fctahya Gen\u00e7lik Meclisi Temsilcisi ve K\u00fctahya Gen\u00e7lik Kollar\u0131 Ba\u015fkan\u0131 Murat Akkoyu, uzun bir aradan sonra gen\u00e7lerle bir araya gelmekten duydu\u011fu memnuniyeti dile getirerek, toplant\u0131n\u0131n amac\u0131n\u0131n gen\u00e7lerden gelen talepler do\u011frultusunda hayata ge\u00e7irilecek projeleri \u015fekillendirmek oldu\u011funu ifade etti.<br \/>\n<br \/>Toplant\u0131da s\u00f6z alan g\u00f6rme engelli gen\u00e7ler; toplumda yeterince yer bulamad\u0131klar\u0131n\u0131, istihdam alan\u0131ndaki d\u00fczenlemelerin yetersizli\u011fi nedeniyle i\u015f hayat\u0131na kat\u0131lmakta zorland\u0131klar\u0131n\u0131 belirtti. Ayr\u0131ca y\u00fczme, bilgisayar, ba\u011f\u0131ms\u0131z hareket ve \u00e7a\u011fr\u0131 operat\u00f6rl\u00fc\u011f\u00fc gibi alanlarda kurslara eri\u015fimde e\u011fitmen yetersizli\u011fi ya\u015fand\u0131\u011f\u0131n\u0131, ula\u015f\u0131mda da ciddi sorunlarla kar\u015f\u0131la\u015ft\u0131klar\u0131n\u0131 dile getirdiler.<br \/>\n<br \/>Alt\u0131 Nokta K\u00f6rler Derne\u011fi Gen\u00e7lik ve Spordan Sorumlu Genel Ba\u015fkan Yard\u0131mc\u0131s\u0131 ve K\u00fctahya \u015eubesi Y\u00f6netim Kurulu Ba\u015fkan\u0131 \u0130smail Bar\u0131\u015f ise organizasyona emek verenlere te\u015fekk\u00fcr ederek, dile getirilen sorunlar\u0131n \u00e7\u00f6z\u00fcm\u00fc i\u00e7in \u00e7al\u0131\u015fmalar\u0131n s\u00fcrd\u00fc\u011f\u00fcn\u00fc belirtti. Bar\u0131\u015f, gen\u00e7lerin deste\u011finin sorunlar\u0131n \u00e7\u00f6z\u00fcm\u00fcnde b\u00fcy\u00fck \u00f6nem ta\u015f\u0131d\u0131\u011f\u0131n\u0131 vurgulayarak, birlik i\u00e7inde hareket edilmesi halinde seslerinin daha geni\u015f kitlelere ula\u015faca\u011f\u0131n\u0131 s\u00f6yledi.<br \/>\n<br \/>Samimi bir atmosferde ge\u00e7en toplant\u0131, yap\u0131lan de\u011ferlendirmelerin ard\u0131ndan toplu foto\u011fraf \u00e7ekimiyle sona erdi.<br \/><\/p>\n","protected":false},"excerpt":{"rendered":"<p>Alt\u0131 Nokta K\u00f6rler Derne\u011fi K\u00fctahya Gen\u00e7lik Meclisi\u2019nin \u00f6nc\u00fcl\u00fc\u011f\u00fcnde, derne\u011fin K\u00fctahya \u015eubesi ev sahipli\u011finde g\u00f6rme engelli gen\u00e7lerin kat\u0131l\u0131m\u0131yla isti\u015fare toplant\u0131s\u0131 ger\u00e7ekle\u015ftirildi. Toplant\u0131da, gen\u00e7lik meclisi \u00fcyeleri ileriye d\u00f6n\u00fck projeler ve ya\u015fad\u0131klar\u0131 sorunlara ili\u015fkin g\u00f6r\u00fc\u015flerini payla\u015ft\u0131. Toplant\u0131n\u0131n a\u00e7\u0131l\u0131\u015f konu\u015fmas\u0131n\u0131 yapan Alt\u0131 Nokta K\u00f6rler Derne\u011fi K\u00fctahya Gen\u00e7lik Meclisi Temsilcisi ve K\u00fctahya Gen\u00e7lik Kollar\u0131 Ba\u015fkan\u0131 Murat Akkoyu, uzun bir aradan&#8230;<\/p>\n","protected":false},"author":1,"featured_media":75899,"comment_status":"open","ping_status":"open","sticky":false,"template":"","format":"standard","meta":{"_crdt_document":"","footnotes":""},"categories":[123],"tags":[],"class_list":["post-75898","post","type-post","status-publish","format-standard","has-post-thumbnail","hentry","category-gundem"],"_links":{"self":[{"href":"https:\/\/www.egemtv.com\/index.php?rest_route=\/wp\/v2\/posts\/75898","targetHints":{"allow":["GET"]}}],"collection":[{"href":"https:\/\/www.egemtv.com\/index.php?rest_route=\/wp\/v2\/posts"}],"about":[{"href":"https:\/\/www.egemtv.com\/index.php?rest_route=\/wp\/v2\/types\/post"}],"author":[{"embeddable":true,"href":"https:\/\/www.egemtv.com\/index.php?rest_route=\/wp\/v2\/users\/1"}],"replies":[{"embeddable":true,"href":"https:\/\/www.egemtv.com\/index.php?rest_route=%2Fwp%2Fv2%2Fcomments&post=75898"}],"version-history":[{"count":1,"href":"https:\/\/www.egemtv.com\/index.php?rest_route=\/wp\/v2\/posts\/75898\/revisions"}],"predecessor-version":[{"id":75900,"href":"https:\/\/www.egemtv.com\/index.php?rest_route=\/wp\/v2\/posts\/75898\/revisions\/75900"}],"wp:featuredmedia":[{"embeddable":true,"href":"https:\/\/www.egemtv.com\/index.php?rest_route=\/wp\/v2\/media\/75899"}],"wp:attachment":[{"href":"https:\/\/www.egemtv.com\/index.php?rest_route=%2Fwp%2Fv2%2Fmedia&parent=75898"}],"wp:term":[{"taxonomy":"category","embeddable":true,"href":"https:\/\/www.egemtv.com\/index.php?rest_route=%2Fwp%2Fv2%2Fcategories&post=75898"},{"taxonomy":"post_tag","embeddable":true,"href":"https:\/\/www.egemtv.com\/index.php?rest_route=%2Fwp%2Fv2%2Ftags&post=75898"}],"curies":[{"name":"wp","href":"https:\/\/api.w.org\/{rel}","templated":true}]}}