{"id":75895,"date":"2025-12-22T17:34:57","date_gmt":"2025-12-22T14:34:57","guid":{"rendered":"https:\/\/www.egemtv.com\/?p=75895"},"modified":"2025-12-22T17:34:57","modified_gmt":"2025-12-22T14:34:57","slug":"kutahyada-osmanli-motifli-perdelere-yogun-ilgi","status":"publish","type":"post","link":"https:\/\/www.egemtv.com\/?p=75895","title":{"rendered":"K\u00fctahya\u2019da Osmanl\u0131 motifli perdelere yo\u011fun ilgi"},"content":{"rendered":"<p>K\u00fctahya\u2019da Osmanl\u0131 motifli perdeler \u00fcreten Zahide Kabar, el eme\u011fiyle haz\u0131rlad\u0131\u011f\u0131 \u00fcr\u00fcnlerin \u00f6zellikle gen\u00e7ler taraf\u0131ndan ilgi g\u00f6rd\u00fc\u011f\u00fcn\u00fc s\u00f6yledi.<br \/>\n<br \/>\u00dcretimlerinde a\u011f\u0131rl\u0131kl\u0131 olarak Osmanl\u0131 motiflerini kulland\u0131\u011f\u0131n\u0131 belirten Kabar, bu desenlerin perdelerde estetik ve \u015f\u0131k bir g\u00f6r\u00fcn\u00fcm olu\u015fturdu\u011funu ifade etti. M\u00fc\u015fteri taleplerine g\u00f6re farkl\u0131 desenler de uygulayabildiklerini dile getiren Kabar, &#8220;Ancak Osmanl\u0131 desenleri daha zarif duruyor. Bu nedenle \u00f6zellikle gen\u00e7ler Osmanl\u0131 desenli perdelere daha fazla ilgi g\u00f6steriyor&#8221; dedi.<br \/>\n<br \/>Geleneksel motifleri modern ya\u015fam alanlar\u0131yla bulu\u015fturduklar\u0131n\u0131 vurgulayan Kabar, el i\u015fi \u00fcr\u00fcnlere olan ilginin her ge\u00e7en g\u00fcn artmas\u0131n\u0131n kendilerini memnun etti\u011fini belirtti.<br \/><\/p>\n","protected":false},"excerpt":{"rendered":"<p>K\u00fctahya\u2019da Osmanl\u0131 motifli perdeler \u00fcreten Zahide Kabar, el eme\u011fiyle haz\u0131rlad\u0131\u011f\u0131 \u00fcr\u00fcnlerin \u00f6zellikle gen\u00e7ler taraf\u0131ndan ilgi g\u00f6rd\u00fc\u011f\u00fcn\u00fc s\u00f6yledi. \u00dcretimlerinde a\u011f\u0131rl\u0131kl\u0131 olarak Osmanl\u0131 motiflerini kulland\u0131\u011f\u0131n\u0131 belirten Kabar, bu desenlerin perdelerde estetik ve \u015f\u0131k bir g\u00f6r\u00fcn\u00fcm olu\u015fturdu\u011funu ifade etti. M\u00fc\u015fteri taleplerine g\u00f6re farkl\u0131 desenler de uygulayabildiklerini dile getiren Kabar, &#8220;Ancak Osmanl\u0131 desenleri daha zarif duruyor. Bu nedenle \u00f6zellikle&#8230;<\/p>\n","protected":false},"author":1,"featured_media":75896,"comment_status":"open","ping_status":"open","sticky":false,"template":"","format":"standard","meta":{"_crdt_document":"","footnotes":""},"categories":[1],"tags":[],"class_list":["post-75895","post","type-post","status-publish","format-standard","has-post-thumbnail","hentry","category-guncel"],"_links":{"self":[{"href":"https:\/\/www.egemtv.com\/index.php?rest_route=\/wp\/v2\/posts\/75895","targetHints":{"allow":["GET"]}}],"collection":[{"href":"https:\/\/www.egemtv.com\/index.php?rest_route=\/wp\/v2\/posts"}],"about":[{"href":"https:\/\/www.egemtv.com\/index.php?rest_route=\/wp\/v2\/types\/post"}],"author":[{"embeddable":true,"href":"https:\/\/www.egemtv.com\/index.php?rest_route=\/wp\/v2\/users\/1"}],"replies":[{"embeddable":true,"href":"https:\/\/www.egemtv.com\/index.php?rest_route=%2Fwp%2Fv2%2Fcomments&post=75895"}],"version-history":[{"count":1,"href":"https:\/\/www.egemtv.com\/index.php?rest_route=\/wp\/v2\/posts\/75895\/revisions"}],"predecessor-version":[{"id":75897,"href":"https:\/\/www.egemtv.com\/index.php?rest_route=\/wp\/v2\/posts\/75895\/revisions\/75897"}],"wp:featuredmedia":[{"embeddable":true,"href":"https:\/\/www.egemtv.com\/index.php?rest_route=\/wp\/v2\/media\/75896"}],"wp:attachment":[{"href":"https:\/\/www.egemtv.com\/index.php?rest_route=%2Fwp%2Fv2%2Fmedia&parent=75895"}],"wp:term":[{"taxonomy":"category","embeddable":true,"href":"https:\/\/www.egemtv.com\/index.php?rest_route=%2Fwp%2Fv2%2Fcategories&post=75895"},{"taxonomy":"post_tag","embeddable":true,"href":"https:\/\/www.egemtv.com\/index.php?rest_route=%2Fwp%2Fv2%2Ftags&post=75895"}],"curies":[{"name":"wp","href":"https:\/\/api.w.org\/{rel}","templated":true}]}}