{"id":75892,"date":"2025-12-22T17:14:55","date_gmt":"2025-12-22T14:14:55","guid":{"rendered":"https:\/\/www.egemtv.com\/?p=75892"},"modified":"2025-12-22T17:14:55","modified_gmt":"2025-12-22T14:14:55","slug":"manisada-cikan-yanginda-1-ev-kullanilamaz-hale-geldi","status":"publish","type":"post","link":"https:\/\/www.egemtv.com\/?p=75892","title":{"rendered":"Manisa\u2019da \u00e7\u0131kan yang\u0131nda 1 ev kullan\u0131lamaz hale geldi"},"content":{"rendered":"<p>Manisa\u2019n\u0131n Kula il\u00e7esine ba\u011fl\u0131 Ahmetli Mahallesi\u2019nde \u00e7\u0131kan yang\u0131nda 2 katl\u0131 bir m\u00fcstakil ev tamamen yanarak kullan\u0131lamaz hale geldi.<br \/>\n<br \/>Edinilen bilgilere g\u00f6re, Ahmetli Mahallesi\u2019nde Ahmet Ye\u015fil\u2019e ait evde hen\u00fcz bilinmeyen bir nedenle yang\u0131n \u00e7\u0131kt\u0131. Alevleri fark eden mahalle sakinlerinin durumu 112 Acil \u00c7a\u011fr\u0131 Merkezi\u2019ne bildirmesi \u00fczerine olay yerine Manisa B\u00fcy\u00fck\u015fehir Belediyesi \u0130tfaiyesi Kula Amirli\u011fi ekipleri sevk edildi. \u0130tfaiye ekiplerinin yo\u011fun m\u00fcdahalesi sonucu yang\u0131n kontrol alt\u0131na al\u0131narak s\u00f6nd\u00fcr\u00fcld\u00fc. Yang\u0131nda 2 katl\u0131 m\u00fcstakil ev tamamen yanarken, ev kullan\u0131lamaz hale geldi.<br \/>\n<br \/>Olayla ilgili olarak jandarma ekipleri taraf\u0131ndan inceleme ba\u015flat\u0131ld\u0131.<br \/><\/p>\n","protected":false},"excerpt":{"rendered":"<p>Manisa\u2019n\u0131n Kula il\u00e7esine ba\u011fl\u0131 Ahmetli Mahallesi\u2019nde \u00e7\u0131kan yang\u0131nda 2 katl\u0131 bir m\u00fcstakil ev tamamen yanarak kullan\u0131lamaz hale geldi. Edinilen bilgilere g\u00f6re, Ahmetli Mahallesi\u2019nde Ahmet Ye\u015fil\u2019e ait evde hen\u00fcz bilinmeyen bir nedenle yang\u0131n \u00e7\u0131kt\u0131. Alevleri fark eden mahalle sakinlerinin durumu 112 Acil \u00c7a\u011fr\u0131 Merkezi\u2019ne bildirmesi \u00fczerine olay yerine Manisa B\u00fcy\u00fck\u015fehir Belediyesi \u0130tfaiyesi Kula Amirli\u011fi ekipleri sevk&#8230;<\/p>\n","protected":false},"author":1,"featured_media":75893,"comment_status":"open","ping_status":"open","sticky":false,"template":"","format":"standard","meta":{"_crdt_document":"","footnotes":""},"categories":[5],"tags":[],"class_list":["post-75892","post","type-post","status-publish","format-standard","has-post-thumbnail","hentry","category-asayis"],"_links":{"self":[{"href":"https:\/\/www.egemtv.com\/index.php?rest_route=\/wp\/v2\/posts\/75892","targetHints":{"allow":["GET"]}}],"collection":[{"href":"https:\/\/www.egemtv.com\/index.php?rest_route=\/wp\/v2\/posts"}],"about":[{"href":"https:\/\/www.egemtv.com\/index.php?rest_route=\/wp\/v2\/types\/post"}],"author":[{"embeddable":true,"href":"https:\/\/www.egemtv.com\/index.php?rest_route=\/wp\/v2\/users\/1"}],"replies":[{"embeddable":true,"href":"https:\/\/www.egemtv.com\/index.php?rest_route=%2Fwp%2Fv2%2Fcomments&post=75892"}],"version-history":[{"count":1,"href":"https:\/\/www.egemtv.com\/index.php?rest_route=\/wp\/v2\/posts\/75892\/revisions"}],"predecessor-version":[{"id":75894,"href":"https:\/\/www.egemtv.com\/index.php?rest_route=\/wp\/v2\/posts\/75892\/revisions\/75894"}],"wp:featuredmedia":[{"embeddable":true,"href":"https:\/\/www.egemtv.com\/index.php?rest_route=\/wp\/v2\/media\/75893"}],"wp:attachment":[{"href":"https:\/\/www.egemtv.com\/index.php?rest_route=%2Fwp%2Fv2%2Fmedia&parent=75892"}],"wp:term":[{"taxonomy":"category","embeddable":true,"href":"https:\/\/www.egemtv.com\/index.php?rest_route=%2Fwp%2Fv2%2Fcategories&post=75892"},{"taxonomy":"post_tag","embeddable":true,"href":"https:\/\/www.egemtv.com\/index.php?rest_route=%2Fwp%2Fv2%2Ftags&post=75892"}],"curies":[{"name":"wp","href":"https:\/\/api.w.org\/{rel}","templated":true}]}}