{"id":75889,"date":"2025-12-22T16:54:58","date_gmt":"2025-12-22T13:54:58","guid":{"rendered":"https:\/\/www.egemtv.com\/?p=75889"},"modified":"2025-12-22T16:54:59","modified_gmt":"2025-12-22T13:54:59","slug":"eseriyle-19-ulke-arasindan-secildi-barisin-renkleri-mugladan-yukseldi","status":"publish","type":"post","link":"https:\/\/www.egemtv.com\/?p=75889","title":{"rendered":"Eseriyle 19 \u00fclke aras\u0131ndan se\u00e7ildi, bar\u0131\u015f\u0131n renkleri Mu\u011fla\u2019dan y\u00fckseldi"},"content":{"rendered":"<p>Mu\u011fla B\u00fcy\u00fck\u015fehir Belediyesi\u2019nin 2024 y\u0131l\u0131nda \u00fcyesi oldu\u011fu Mayors for Peace (Bar\u0131\u015f i\u00e7in Belediye Ba\u015fkanlar\u0131) taraf\u0131ndan d\u00fczenlenen 2025 \u00c7ocuk Resim Yar\u0131\u015fmas\u0131\u2019nda Mu\u011flal\u0131 Elif Kayra Ta\u015fkaya \u2019Mayors for Peace Genel Sekreteri \u00d6d\u00fcl\u00fc\u2019n\u00fc kazand\u0131.<\/p>\n<p>D\u00fcnya\u2019n\u0131n bar\u0131\u015f \u00fczerine \u00e7al\u0131\u015fan en b\u00fcy\u00fck kurumlar\u0131ndan biri olan, 2024 y\u0131l\u0131nda Mu\u011fla B\u00fcy\u00fck\u015fehir Belediyesi\u2019nin \u00fcyesi oldu\u011fu ve aktif \u015fekilde \u00e7al\u0131\u015fmalar\u0131na katk\u0131 sa\u011flad\u0131\u011f\u0131 Mayors for Peace&#8221; Bar\u0131\u015f i\u00e7in Belediye Ba\u015fkanlar\u0131 a\u011f\u0131 2025 y\u0131l\u0131nda \u00c7ocuk Resim Yar\u0131\u015fmas\u0131 d\u00fczenledi. Mu\u011fla B\u00fcy\u00fck\u015fehir Belediyesi taraf\u0131ndan duyurusu yap\u0131lan &#8220;Peaceful Towns&#8221; 2025 \u00c7ocuk Resim Yar\u0131\u015fmas\u0131\u2019na Mu\u011fla\u2019dan Elif Kayra Ta\u015fkaya kat\u0131ld\u0131 ve uluslararas\u0131 j\u00fcri taraf\u0131ndan yap\u0131lan de\u011ferlendirme sonucunda yar\u0131\u015fman\u0131n en prestijli, \u00f6zel \u00f6d\u00fcllerinden biri olan &#8220;Mayors for Peace Genel Sekreteri \u00d6d\u00fcl\u00fc&#8221;ne lay\u0131k g\u00f6r\u00fcld\u00fc. Yar\u0131\u015fmaya 19 \u00fclke, 153 \u015fehir 8 bin 79 eserle kat\u0131ld\u0131. Elif Kayra Ta\u015fkaya\u2019n\u0131n eseri 8 bin 79 eser aras\u0131ndan se\u00e7ilerek \u00f6nemli bir ba\u015far\u0131ya imza att\u0131.<\/p>\n<p>Mayors for Peace \u00fcyesi \u015fehirler taraf\u0131ndan y\u00fcr\u00fct\u00fclen yar\u0131\u015fmada en \u00f6nemli \u00f6d\u00fcllerden birini alan Elif Kayra Ta\u015fkaya \u00f6d\u00fcl alan eseri ile ilgili &#8220;Okyanuslarla \u00e7evrili Japonya\u2019n\u0131n turuncu bal\u0131klar\u0131, ormanlarla \u00e7evrili Mu\u011fla\u2019n\u0131n simgesi h\u00e2line gelmi\u015f bacalar\u0131n karde\u015fleridir. Bal\u0131klar \u00f6zg\u00fcrl\u00fc\u011fe do\u011fru y\u00fczerken, kollar\u0131mdaki saf g\u00fcvercinlerle bar\u0131\u015fa olan inanc\u0131m\u0131 g\u00f6stermek istedim. Sevgi, bar\u0131\u015f ve dostluk ad\u0131na bu dile\u011fin d\u00fcnyadaki t\u00fcm \u00fclkelerde ger\u00e7ekle\u015fece\u011fine inan\u0131yorum&#8221; dedi.<\/p>\n<p>K\u0131y\u0131 Ege Belediyeler Birli\u011fi ve Mu\u011fla B\u00fcy\u00fck\u015fehir Belediye Ba\u015fkan\u0131 Ahmet Aras d\u00fcnyan\u0131n her co\u011frafyas\u0131nda bar\u0131\u015f\u0131n ya\u015fanmas\u0131 i\u00e7in m\u00fccadele eden Bar\u0131\u015f i\u00e7in Belediye Ba\u015fkanlar\u0131 a\u011f\u0131n\u0131n \u00f6nemli \u00e7al\u0131\u015fmalara imza att\u0131\u011f\u0131n\u0131 s\u00f6yledi ve bu a\u011f\u0131n d\u00fczenledi\u011fi resim yar\u0131\u015fmas\u0131nda \u00f6d\u00fcl alan Mu\u011flal\u0131 Elif Kayra Ta\u015fkaya\u2019y\u0131 tebrik etti. Ba\u015fkan Aras; &#8220;T\u00fcrkiye Cumhuriyeti\u2019nin kurucusu Gazi Mustafa Kemal Atat\u00fcrk\u2019\u00fcn \u2019Yurtta Bar\u0131\u015f D\u00fcnya\u2019da Bar\u0131\u015f\u2019 s\u00f6z\u00fcn\u00fc \u015fiar edinen bizler 2024 y\u0131l\u0131nda Mayors for Peace (Bar\u0131\u015f i\u00e7in Belediye Ba\u015fkanlar\u0131) a\u011f\u0131na \u00fcye olduk. Bu a\u011f\u0131n d\u00fcnya genelinde bar\u0131\u015f i\u00e7in yapt\u0131\u011f\u0131 \u00e7al\u0131\u015fmalara aktif kat\u0131l\u0131yoruz. Bar\u0131\u015f i\u00e7in Belediye Ba\u015fkanlar\u0131 A\u011f\u0131 2025 y\u0131l\u0131nda \u2019Peaceful Towns\u2019 \u00c7ocuk Resim Yar\u0131\u015fmas\u0131 d\u00fczenledi. Bu yar\u0131\u015fmaya Mu\u011fla\u2019m\u0131zdan Elif Kayra Ta\u015fkaya \u00e7ok anlaml\u0131 bir resimle kat\u0131larak \u2019Mayors for Peace Genel Sekreteri \u00d6d\u00fcl\u00fc\u2019n\u00fc kazand\u0131. Mu\u011flal\u0131 evlad\u0131m\u0131z\u0131n \u00e7izgileri ile bar\u0131\u015f\u0131 resmetmesi, Mu\u011fla\u2019n\u0131n bacalar\u0131 ile Japonya\u2019n\u0131n turuncu bal\u0131klar\u0131n\u0131n karde\u015f oldu\u011funu beyaz g\u00fcvercinlerin kanatlar\u0131 alt\u0131nda anlatmas\u0131 gelece\u011fimiz \u00e7ocuklar\u0131n ne kadar g\u00fc\u00e7l\u00fc, pozitif, yap\u0131c\u0131 d\u00fc\u015f\u00fcncelere sahip oldu\u011funu g\u00f6steriyor. Elif Kayra Ta\u015fkaya bizleri hem gururland\u0131rd\u0131 hem de \u00e7ok mutlu etti. Tertemiz d\u00fc\u015f\u00fcnceleri, k\u0131talar\u0131 bar\u0131\u015f ve sevgiyle birle\u015ftiren resmi i\u00e7in evlad\u0131m\u0131z\u0131 bir kez daha kutluyorum. Sevgi ve mutlulu\u011fun hakim oldu\u011fu, yurtta ve d\u00fcnyada bar\u0131\u015f i\u00e7in her platformda elimizden gelen \u00e7abay\u0131 g\u00f6stermeye devam edece\u011fiz&#8221; dedi.<br \/><\/p>\n","protected":false},"excerpt":{"rendered":"<p>Mu\u011fla B\u00fcy\u00fck\u015fehir Belediyesi\u2019nin 2024 y\u0131l\u0131nda \u00fcyesi oldu\u011fu Mayors for Peace (Bar\u0131\u015f i\u00e7in Belediye Ba\u015fkanlar\u0131) taraf\u0131ndan d\u00fczenlenen 2025 \u00c7ocuk Resim Yar\u0131\u015fmas\u0131\u2019nda Mu\u011flal\u0131 Elif Kayra Ta\u015fkaya \u2019Mayors for Peace Genel Sekreteri \u00d6d\u00fcl\u00fc\u2019n\u00fc kazand\u0131. D\u00fcnya\u2019n\u0131n bar\u0131\u015f \u00fczerine \u00e7al\u0131\u015fan en b\u00fcy\u00fck kurumlar\u0131ndan biri olan, 2024 y\u0131l\u0131nda Mu\u011fla B\u00fcy\u00fck\u015fehir Belediyesi\u2019nin \u00fcyesi oldu\u011fu ve aktif \u015fekilde \u00e7al\u0131\u015fmalar\u0131na katk\u0131 sa\u011flad\u0131\u011f\u0131 Mayors for&#8230;<\/p>\n","protected":false},"author":1,"featured_media":75890,"comment_status":"open","ping_status":"open","sticky":false,"template":"","format":"standard","meta":{"_crdt_document":"","footnotes":""},"categories":[1],"tags":[],"class_list":["post-75889","post","type-post","status-publish","format-standard","has-post-thumbnail","hentry","category-guncel"],"_links":{"self":[{"href":"https:\/\/www.egemtv.com\/index.php?rest_route=\/wp\/v2\/posts\/75889","targetHints":{"allow":["GET"]}}],"collection":[{"href":"https:\/\/www.egemtv.com\/index.php?rest_route=\/wp\/v2\/posts"}],"about":[{"href":"https:\/\/www.egemtv.com\/index.php?rest_route=\/wp\/v2\/types\/post"}],"author":[{"embeddable":true,"href":"https:\/\/www.egemtv.com\/index.php?rest_route=\/wp\/v2\/users\/1"}],"replies":[{"embeddable":true,"href":"https:\/\/www.egemtv.com\/index.php?rest_route=%2Fwp%2Fv2%2Fcomments&post=75889"}],"version-history":[{"count":1,"href":"https:\/\/www.egemtv.com\/index.php?rest_route=\/wp\/v2\/posts\/75889\/revisions"}],"predecessor-version":[{"id":75891,"href":"https:\/\/www.egemtv.com\/index.php?rest_route=\/wp\/v2\/posts\/75889\/revisions\/75891"}],"wp:featuredmedia":[{"embeddable":true,"href":"https:\/\/www.egemtv.com\/index.php?rest_route=\/wp\/v2\/media\/75890"}],"wp:attachment":[{"href":"https:\/\/www.egemtv.com\/index.php?rest_route=%2Fwp%2Fv2%2Fmedia&parent=75889"}],"wp:term":[{"taxonomy":"category","embeddable":true,"href":"https:\/\/www.egemtv.com\/index.php?rest_route=%2Fwp%2Fv2%2Fcategories&post=75889"},{"taxonomy":"post_tag","embeddable":true,"href":"https:\/\/www.egemtv.com\/index.php?rest_route=%2Fwp%2Fv2%2Ftags&post=75889"}],"curies":[{"name":"wp","href":"https:\/\/api.w.org\/{rel}","templated":true}]}}