{"id":75886,"date":"2025-12-22T16:54:57","date_gmt":"2025-12-22T13:54:57","guid":{"rendered":"https:\/\/www.egemtv.com\/?p=75886"},"modified":"2025-12-22T16:54:58","modified_gmt":"2025-12-22T13:54:58","slug":"demircide-112-acil-saglik-istasyonu-sayisi-3e-yukseldi","status":"publish","type":"post","link":"https:\/\/www.egemtv.com\/?p=75886","title":{"rendered":"Demirci\u2019de 112 Acil Sa\u011fl\u0131k \u0130stasyonu say\u0131s\u0131 3\u2019e y\u00fckseldi"},"content":{"rendered":"<p>Manisa\u2019n\u0131n Demirci il\u00e7esinde 3 No\u2019lu Acil Sa\u011fl\u0131k Hizmetleri \u0130stasyonu hizmete a\u00e7\u0131ld\u0131.<br \/>\n<br \/>Demirci Belediye Ba\u015fkan\u0131 Erkan Kara\u2019n\u0131n il\u00e7eye yeni bir sa\u011fl\u0131k istasyonu kazand\u0131r\u0131lmas\u0131 amac\u0131yla Sa\u011fl\u0131k Bakanl\u0131\u011f\u0131 nezdinde yapt\u0131\u011f\u0131 giri\u015fim ve g\u00f6r\u00fc\u015fmeler neticesinde, ge\u00e7ti\u011fimiz aylarda m\u00fcjdesi verilen K\u0131lavuzlar Mahallesi\u2019ndeki 112 Acil Sa\u011fl\u0131k Hizmetleri \u0130stasyonu faaliyete ge\u00e7irildi.<br \/>\n<br \/>Kurulum onay\u0131n\u0131n ard\u0131ndan gerekli haz\u0131rl\u0131klar\u0131n tamamlanmas\u0131yla istasyon hizmet vermeye ba\u015flad\u0131.<br \/>\n<br \/>Yeni istasyonun a\u00e7\u0131lmas\u0131yla birlikte Demirci\u2019de acil sa\u011fl\u0131k hizmetleri istasyonu say\u0131s\u0131 3\u2019e y\u00fckseldi.<br \/>\n<br \/>K\u0131lavuzlar Mahallesi ba\u015fta olmak \u00fczere il\u00e7enin farkl\u0131 noktalar\u0131na hizmet verecek olan istasyonun, Demirci\u2019nin co\u011frafi yap\u0131s\u0131 ve ula\u015f\u0131m \u015fartlar\u0131 g\u00f6z \u00f6n\u00fcnde bulundurularak planland\u0131\u011f\u0131 belirtildi.<br \/>\n<br \/>B\u00f6ylece acil durumlarda sa\u011fl\u0131k ekiplerinin olay yerine ula\u015fma s\u00fcresinin \u00f6nemli \u00f6l\u00e7\u00fcde azalt\u0131lmas\u0131 hedefleniyor.<br \/>\n<br \/>Konuya ili\u015fkin a\u00e7\u0131klama yapan Demirci Belediye Ba\u015fkan\u0131 Erkan Kara, il\u00e7enin her alanda geli\u015fmesi i\u00e7in \u00e7al\u0131\u015fmalar\u0131n\u0131 s\u00fcrd\u00fcrd\u00fcklerini belirterek sa\u011fl\u0131k yat\u0131r\u0131mlar\u0131na ayr\u0131 bir \u00f6nem verdiklerini ifade etti.<br \/>\n<br \/>Ba\u015fkan Kara, &#8220;Vatanda\u015flar\u0131m\u0131z\u0131n acil sa\u011fl\u0131k hizmetlerine daha h\u0131zl\u0131 ula\u015fabilmesi bizim i\u00e7in son derece \u00f6nemli. Sa\u011fl\u0131k Bakanl\u0131\u011f\u0131m\u0131zla yapt\u0131\u011f\u0131m\u0131z g\u00f6r\u00fc\u015fmeler neticesinde K\u0131lavuzlar Mahallemize kazand\u0131r\u0131lan 3 No\u2019lu 112 Acil Sa\u011fl\u0131k Hizmetleri \u0130stasyonu\u2019nun Demircimize hay\u0131rl\u0131 olmas\u0131n\u0131 diliyorum&#8221; dedi.<br \/>\n<br \/>Demirci\u2019de hizmet vermeye ba\u015flayan 3 No\u2019lu Acil Sa\u011fl\u0131k Hizmetleri \u0130stasyonu\u2019nun, il\u00e7enin sa\u011fl\u0131k altyap\u0131s\u0131na \u00f6nemli katk\u0131 sa\u011flamas\u0131 ve vatanda\u015flar\u0131n acil durumlarda daha g\u00fcvenli ve h\u0131zl\u0131 sa\u011fl\u0131k hizmeti almas\u0131na imkan sunacak.<br \/><\/p>\n","protected":false},"excerpt":{"rendered":"<p>Manisa\u2019n\u0131n Demirci il\u00e7esinde 3 No\u2019lu Acil Sa\u011fl\u0131k Hizmetleri \u0130stasyonu hizmete a\u00e7\u0131ld\u0131. Demirci Belediye Ba\u015fkan\u0131 Erkan Kara\u2019n\u0131n il\u00e7eye yeni bir sa\u011fl\u0131k istasyonu kazand\u0131r\u0131lmas\u0131 amac\u0131yla Sa\u011fl\u0131k Bakanl\u0131\u011f\u0131 nezdinde yapt\u0131\u011f\u0131 giri\u015fim ve g\u00f6r\u00fc\u015fmeler neticesinde, ge\u00e7ti\u011fimiz aylarda m\u00fcjdesi verilen K\u0131lavuzlar Mahallesi\u2019ndeki 112 Acil Sa\u011fl\u0131k Hizmetleri \u0130stasyonu faaliyete ge\u00e7irildi. Kurulum onay\u0131n\u0131n ard\u0131ndan gerekli haz\u0131rl\u0131klar\u0131n tamamlanmas\u0131yla istasyon hizmet vermeye ba\u015flad\u0131. Yeni&#8230;<\/p>\n","protected":false},"author":1,"featured_media":75887,"comment_status":"open","ping_status":"open","sticky":false,"template":"","format":"standard","meta":{"_crdt_document":"","footnotes":""},"categories":[2],"tags":[],"class_list":["post-75886","post","type-post","status-publish","format-standard","has-post-thumbnail","hentry","category-saglik"],"_links":{"self":[{"href":"https:\/\/www.egemtv.com\/index.php?rest_route=\/wp\/v2\/posts\/75886","targetHints":{"allow":["GET"]}}],"collection":[{"href":"https:\/\/www.egemtv.com\/index.php?rest_route=\/wp\/v2\/posts"}],"about":[{"href":"https:\/\/www.egemtv.com\/index.php?rest_route=\/wp\/v2\/types\/post"}],"author":[{"embeddable":true,"href":"https:\/\/www.egemtv.com\/index.php?rest_route=\/wp\/v2\/users\/1"}],"replies":[{"embeddable":true,"href":"https:\/\/www.egemtv.com\/index.php?rest_route=%2Fwp%2Fv2%2Fcomments&post=75886"}],"version-history":[{"count":1,"href":"https:\/\/www.egemtv.com\/index.php?rest_route=\/wp\/v2\/posts\/75886\/revisions"}],"predecessor-version":[{"id":75888,"href":"https:\/\/www.egemtv.com\/index.php?rest_route=\/wp\/v2\/posts\/75886\/revisions\/75888"}],"wp:featuredmedia":[{"embeddable":true,"href":"https:\/\/www.egemtv.com\/index.php?rest_route=\/wp\/v2\/media\/75887"}],"wp:attachment":[{"href":"https:\/\/www.egemtv.com\/index.php?rest_route=%2Fwp%2Fv2%2Fmedia&parent=75886"}],"wp:term":[{"taxonomy":"category","embeddable":true,"href":"https:\/\/www.egemtv.com\/index.php?rest_route=%2Fwp%2Fv2%2Fcategories&post=75886"},{"taxonomy":"post_tag","embeddable":true,"href":"https:\/\/www.egemtv.com\/index.php?rest_route=%2Fwp%2Fv2%2Ftags&post=75886"}],"curies":[{"name":"wp","href":"https:\/\/api.w.org\/{rel}","templated":true}]}}