{"id":75883,"date":"2025-12-22T16:34:58","date_gmt":"2025-12-22T13:34:58","guid":{"rendered":"https:\/\/www.egemtv.com\/?p=75883"},"modified":"2025-12-22T16:34:59","modified_gmt":"2025-12-22T13:34:59","slug":"mskude-ogrencilere-erasmus-firsatlari-tanitildi","status":"publish","type":"post","link":"https:\/\/www.egemtv.com\/?p=75883","title":{"rendered":"MSK\u00dc\u2019de \u00f6\u011frencilere erasmus f\u0131rsatlar\u0131 tan\u0131t\u0131ld\u0131"},"content":{"rendered":"<p>Mu\u011fla S\u0131tk\u0131 Ko\u00e7man \u00dcniversitesi (MSK\u00dc) Uluslararas\u0131 \u0130li\u015fkiler Koordinat\u00f6rl\u00fc\u011f\u00fc taraf\u0131ndan Atat\u00fcrk K\u00fclt\u00fcr Merkezi\u2019nde (AKM) &#8220;Erasmus+ Tan\u0131t\u0131m Semineri&#8221; d\u00fczenlendi.<br \/>\n<br \/>\u00d6\u011frencilerin e\u011fitim hayatlar\u0131na yeni bir vizyon katmak, Erasmus \u00f6\u011frenim ve staj f\u0131rsatlar\u0131ndan haberdar olmalar\u0131n\u0131 sa\u011flamak amac\u0131yla d\u00fczenlenen etkinli\u011fe ilgi yo\u011fun oldu. Sabah ve \u00f6\u011fleden sonra olmak \u00fczere e\u015f i\u00e7erikli iki oturum halinde yap\u0131lan seminere, farkl\u0131 fak\u00fclte ve y\u00fcksekokullardan \u00e7ok say\u0131da \u00f6\u011frenci ile B\u00f6l\u00fcm Erasmus Koordinat\u00f6rleri kat\u0131ld\u0131. Erasmus+ Ofisi yetkilileri taraf\u0131ndan ger\u00e7ekle\u015ftirilen sunumlarda; Erasmus+ \u00f6\u011frenim ve staj hareketlili\u011fi, ba\u015fvuru s\u00fcre\u00e7leri, hibe miktarlar\u0131, anla\u015fmal\u0131 \u00fcniversiteler ve vize prosed\u00fcrleri hakk\u0131nda kapsaml\u0131 bilgiler payla\u015f\u0131ld\u0131. Etkinlikte sadece teknik detaylar de\u011fil, Erasmus program\u0131n\u0131n \u00f6\u011frencilere kazand\u0131rd\u0131\u011f\u0131 k\u00fclt\u00fcrel ve akademik yetkinlikler de vurguland\u0131. B\u00f6l\u00fcm koordinat\u00f6rlerinin de kat\u0131l\u0131m\u0131yla ger\u00e7ekle\u015fen organizasyon, \u00f6\u011frencilerin s\u00fcre\u00e7le ilgili merak ettikleri sorular\u0131 do\u011frudan yetkililere sorma imk\u00e2n\u0131 buldu\u011fu interaktif soru-cevap b\u00f6l\u00fcm\u00fcyle sona erdi.<br \/>\n<br \/>Uluslararas\u0131 \u0130li\u015fkiler Koordinat\u00f6rl\u00fc\u011f\u00fc taraf\u0131ndan \u00f6\u011frencilerin d\u00fcnyaya a\u00e7\u0131lma hedeflerini desteklemeye ve uluslararas\u0131la\u015fma \u00e7al\u0131\u015fmalar\u0131na h\u0131z kesmeden devam edecekleri vurguland\u0131.<br \/><\/p>\n","protected":false},"excerpt":{"rendered":"<p>Mu\u011fla S\u0131tk\u0131 Ko\u00e7man \u00dcniversitesi (MSK\u00dc) Uluslararas\u0131 \u0130li\u015fkiler Koordinat\u00f6rl\u00fc\u011f\u00fc taraf\u0131ndan Atat\u00fcrk K\u00fclt\u00fcr Merkezi\u2019nde (AKM) &#8220;Erasmus+ Tan\u0131t\u0131m Semineri&#8221; d\u00fczenlendi. \u00d6\u011frencilerin e\u011fitim hayatlar\u0131na yeni bir vizyon katmak, Erasmus \u00f6\u011frenim ve staj f\u0131rsatlar\u0131ndan haberdar olmalar\u0131n\u0131 sa\u011flamak amac\u0131yla d\u00fczenlenen etkinli\u011fe ilgi yo\u011fun oldu. Sabah ve \u00f6\u011fleden sonra olmak \u00fczere e\u015f i\u00e7erikli iki oturum halinde yap\u0131lan seminere, farkl\u0131 fak\u00fclte ve y\u00fcksekokullardan&#8230;<\/p>\n","protected":false},"author":1,"featured_media":75884,"comment_status":"open","ping_status":"open","sticky":false,"template":"","format":"standard","meta":{"_crdt_document":"","footnotes":""},"categories":[1],"tags":[],"class_list":["post-75883","post","type-post","status-publish","format-standard","has-post-thumbnail","hentry","category-guncel"],"_links":{"self":[{"href":"https:\/\/www.egemtv.com\/index.php?rest_route=\/wp\/v2\/posts\/75883","targetHints":{"allow":["GET"]}}],"collection":[{"href":"https:\/\/www.egemtv.com\/index.php?rest_route=\/wp\/v2\/posts"}],"about":[{"href":"https:\/\/www.egemtv.com\/index.php?rest_route=\/wp\/v2\/types\/post"}],"author":[{"embeddable":true,"href":"https:\/\/www.egemtv.com\/index.php?rest_route=\/wp\/v2\/users\/1"}],"replies":[{"embeddable":true,"href":"https:\/\/www.egemtv.com\/index.php?rest_route=%2Fwp%2Fv2%2Fcomments&post=75883"}],"version-history":[{"count":1,"href":"https:\/\/www.egemtv.com\/index.php?rest_route=\/wp\/v2\/posts\/75883\/revisions"}],"predecessor-version":[{"id":75885,"href":"https:\/\/www.egemtv.com\/index.php?rest_route=\/wp\/v2\/posts\/75883\/revisions\/75885"}],"wp:featuredmedia":[{"embeddable":true,"href":"https:\/\/www.egemtv.com\/index.php?rest_route=\/wp\/v2\/media\/75884"}],"wp:attachment":[{"href":"https:\/\/www.egemtv.com\/index.php?rest_route=%2Fwp%2Fv2%2Fmedia&parent=75883"}],"wp:term":[{"taxonomy":"category","embeddable":true,"href":"https:\/\/www.egemtv.com\/index.php?rest_route=%2Fwp%2Fv2%2Fcategories&post=75883"},{"taxonomy":"post_tag","embeddable":true,"href":"https:\/\/www.egemtv.com\/index.php?rest_route=%2Fwp%2Fv2%2Ftags&post=75883"}],"curies":[{"name":"wp","href":"https:\/\/api.w.org\/{rel}","templated":true}]}}