{"id":75880,"date":"2025-12-22T16:34:57","date_gmt":"2025-12-22T13:34:57","guid":{"rendered":"https:\/\/www.egemtv.com\/?p=75880"},"modified":"2025-12-22T16:34:58","modified_gmt":"2025-12-22T13:34:58","slug":"gonul-hocadan-21-kutuphane","status":"publish","type":"post","link":"https:\/\/www.egemtv.com\/?p=75880","title":{"rendered":"G\u00f6n\u00fcl Hoca\u2019dan 21. k\u00fct\u00fcphane"},"content":{"rendered":"<p>Manisa\u2019da g\u00f6rev yapan T\u00fcrk\u00e7e \u00d6\u011fretmeni G\u00f6n\u00fcl Kovan G\u00fcrakan\u2019\u0131n ba\u015flatt\u0131\u011f\u0131 &#8220;Kitap Kumbaram&#8221; projesi, \u00f6zellikle k\u00f6y okullar\u0131 ve dezavantajl\u0131 b\u00f6lgelerdeki \u00f6\u011frencileri kitapla bulu\u015fturmaya devam ediyor. Yakla\u015f\u0131k 10 y\u0131ld\u0131r s\u00fcrd\u00fcr\u00fclen proje kapsam\u0131nda T\u00fcrkiye\u2019nin d\u00f6rt bir yan\u0131nda 21 k\u00fct\u00fcphane kurularak binlerce kitap \u00f6\u011frencilerin hizmetine sunuldu.<br \/>\n<br \/>G\u00fcrakan, 2016 y\u0131l\u0131nda g\u00f6rev yapt\u0131\u011f\u0131 \u015eehitler Ortaokulu\u2019na k\u00fct\u00fcphane kazand\u0131rmak amac\u0131yla &#8220;Kitap Kumbaram&#8221; adl\u0131 sosyal sorumluluk projesini hayata ge\u00e7irdi. K\u0131sa s\u00fcrede b\u00fcy\u00fcyen proje, k\u00f6y okullar\u0131n\u0131n yan\u0131 s\u0131ra merkezdeki dezavantajl\u0131 okullara da ula\u015ft\u0131. \u00d6\u011fretmenler, \u00f6\u011frenciler ve kitapseverlerin destekleriyle T\u00fcrkiye\u2019nin her b\u00f6lgesinde en az 1-2 okulda k\u00fct\u00fcphane olu\u015fturuldu.<br \/>\n<br \/>Proje kapsam\u0131nda a\u00e7\u0131lan 21\u2019inci k\u00fct\u00fcphane, Mersin\u2019in Mut il\u00e7esinde bulunan Barabanl\u0131 \u0130lk ve Ortaokulu\u2019nda hizmete girdi. Yakla\u015f\u0131k 7 bin kitab\u0131n yer ald\u0131\u011f\u0131 k\u00fct\u00fcphanenin a\u00e7\u0131l\u0131\u015f\u0131na G\u00f6n\u00fcl Kovan G\u00fcrakan da kat\u0131ld\u0131. G\u00fcrakan\u2019\u0131n bug\u00fcne kadar a\u00e7\u0131lan t\u00fcm k\u00fct\u00fcphanelerin a\u00e7\u0131l\u0131\u015flar\u0131nda bizzat yer ald\u0131\u011f\u0131 \u00f6\u011frenildi. Projenin 22\u2019nci k\u00fct\u00fcphanesinin ise 2026 y\u0131l\u0131n\u0131n Nisan ay\u0131nda Hakkari\u2019de a\u00e7\u0131lmas\u0131 i\u00e7in \u00e7al\u0131\u015fmalara ba\u015fland\u0131\u011f\u0131 bildirildi.<br \/>\n<br \/>&#8220;Kitap Kumbaram&#8221; projesinin T\u00fcrkiye geneline yay\u0131lmas\u0131ndan b\u00fcy\u00fck mutluluk duydu\u011funu belirten G\u00fcrakan, projenin \u00e7ocuklarda kitap okuma al\u0131\u015fkanl\u0131\u011f\u0131n\u0131 ve payla\u015fma k\u00fclt\u00fcr\u00fcn\u00fc art\u0131rd\u0131\u011f\u0131n\u0131 ifade etti. Projeye \u00fclkenin d\u00f6rt bir yan\u0131ndan \u00f6\u011fretmenlerin ve \u00f6\u011frencilerin destek verdi\u011fini vurgulayan G\u00fcrakan, kurulan her k\u00fct\u00fcphanede en az 3-4 bin, baz\u0131 k\u00fct\u00fcphanelerde ise 6-7 bin kitab\u0131n bulundu\u011funu s\u00f6yledi.<br \/>\n<br \/>G\u00fcrakan, &#8220;Kitap kumbaralar\u0131m\u0131z doluyor, yeni k\u00fct\u00fcphaneler a\u00e7\u0131l\u0131yor. Bug\u00fcne kadar on binlerce kitab\u0131 k\u00fct\u00fcphanelerle bulu\u015fturduk. Bir fikir olarak ba\u015flayan projemiz b\u00fcy\u00fcd\u00fc. T\u00fcrkiye\u2019nin d\u00f6rt bir yan\u0131ndan \u00f6\u011fretmenleri bir araya getirerek g\u00fc\u00e7l\u00fc bir ekip kurduk. E\u011fitimde f\u0131rsat e\u015fitli\u011fi i\u00e7in kararl\u0131l\u0131kla ve dayan\u0131\u015fmayla yolumuza devam ediyoruz&#8221; dedi.<br \/><\/p>\n","protected":false},"excerpt":{"rendered":"<p>Manisa\u2019da g\u00f6rev yapan T\u00fcrk\u00e7e \u00d6\u011fretmeni G\u00f6n\u00fcl Kovan G\u00fcrakan\u2019\u0131n ba\u015flatt\u0131\u011f\u0131 &#8220;Kitap Kumbaram&#8221; projesi, \u00f6zellikle k\u00f6y okullar\u0131 ve dezavantajl\u0131 b\u00f6lgelerdeki \u00f6\u011frencileri kitapla bulu\u015fturmaya devam ediyor. Yakla\u015f\u0131k 10 y\u0131ld\u0131r s\u00fcrd\u00fcr\u00fclen proje kapsam\u0131nda T\u00fcrkiye\u2019nin d\u00f6rt bir yan\u0131nda 21 k\u00fct\u00fcphane kurularak binlerce kitap \u00f6\u011frencilerin hizmetine sunuldu. G\u00fcrakan, 2016 y\u0131l\u0131nda g\u00f6rev yapt\u0131\u011f\u0131 \u015eehitler Ortaokulu\u2019na k\u00fct\u00fcphane kazand\u0131rmak amac\u0131yla &#8220;Kitap Kumbaram&#8221; adl\u0131 sosyal&#8230;<\/p>\n","protected":false},"author":1,"featured_media":75881,"comment_status":"open","ping_status":"open","sticky":false,"template":"","format":"standard","meta":{"_crdt_document":"","footnotes":""},"categories":[1],"tags":[],"class_list":["post-75880","post","type-post","status-publish","format-standard","has-post-thumbnail","hentry","category-guncel"],"_links":{"self":[{"href":"https:\/\/www.egemtv.com\/index.php?rest_route=\/wp\/v2\/posts\/75880","targetHints":{"allow":["GET"]}}],"collection":[{"href":"https:\/\/www.egemtv.com\/index.php?rest_route=\/wp\/v2\/posts"}],"about":[{"href":"https:\/\/www.egemtv.com\/index.php?rest_route=\/wp\/v2\/types\/post"}],"author":[{"embeddable":true,"href":"https:\/\/www.egemtv.com\/index.php?rest_route=\/wp\/v2\/users\/1"}],"replies":[{"embeddable":true,"href":"https:\/\/www.egemtv.com\/index.php?rest_route=%2Fwp%2Fv2%2Fcomments&post=75880"}],"version-history":[{"count":1,"href":"https:\/\/www.egemtv.com\/index.php?rest_route=\/wp\/v2\/posts\/75880\/revisions"}],"predecessor-version":[{"id":75882,"href":"https:\/\/www.egemtv.com\/index.php?rest_route=\/wp\/v2\/posts\/75880\/revisions\/75882"}],"wp:featuredmedia":[{"embeddable":true,"href":"https:\/\/www.egemtv.com\/index.php?rest_route=\/wp\/v2\/media\/75881"}],"wp:attachment":[{"href":"https:\/\/www.egemtv.com\/index.php?rest_route=%2Fwp%2Fv2%2Fmedia&parent=75880"}],"wp:term":[{"taxonomy":"category","embeddable":true,"href":"https:\/\/www.egemtv.com\/index.php?rest_route=%2Fwp%2Fv2%2Fcategories&post=75880"},{"taxonomy":"post_tag","embeddable":true,"href":"https:\/\/www.egemtv.com\/index.php?rest_route=%2Fwp%2Fv2%2Ftags&post=75880"}],"curies":[{"name":"wp","href":"https:\/\/api.w.org\/{rel}","templated":true}]}}