{"id":75877,"date":"2025-12-22T15:55:40","date_gmt":"2025-12-22T12:55:40","guid":{"rendered":"https:\/\/www.egemtv.com\/?p=75877"},"modified":"2025-12-22T15:55:41","modified_gmt":"2025-12-22T12:55:41","slug":"sehir-plancilari-tralleiste-bulustu","status":"publish","type":"post","link":"https:\/\/www.egemtv.com\/?p=75877","title":{"rendered":"\u015eehir planc\u0131lar\u0131 Tralleis\u2019te bulu\u015ftu"},"content":{"rendered":"<p>\u015eehir planc\u0131lar\u0131, Tralleis Antik Kenti\u2019nin tarihi ve k\u00fclt\u00fcrel miras\u0131n\u0131 yerinde inceleyerek mesleki bilgi payla\u015f\u0131m\u0131nda bulundu.<\/p>\n<p>Ayd\u0131n\u2019\u0131n ilk yerle\u015fim yerlerinden oldu\u011fu d\u00fc\u015f\u00fcn\u00fclen Tralleis Antik Kenti\u2019nde 2025 y\u0131l\u0131 kaz\u0131 \u00e7al\u0131\u015fmalar\u0131 devam ederken, TMMOB \u015eehir Planc\u0131lar\u0131 Odas\u0131 Ayd\u0131n \u0130l Temsilcili\u011fi taraf\u0131ndan antik kente teknik gezi d\u00fczenlendi. \u015eehir planc\u0131lar\u0131, teknik gezi kapsam\u0131nda antik kentin \u015fehir planlar\u0131, mekansal kurgusu ve yerle\u015fim d\u00fczeni \u00fczerine incelemelerde bulundu. Kaz\u0131 Ba\u015fkan\u0131 Prof. Dr. Murat \u00c7ekilmez\u2019in rehberli\u011finde ger\u00e7ekle\u015ftirilen gezide, Tralleis\u2019in tarihi s\u00fcre\u00e7 i\u00e7erisindeki geli\u015fimi, kamusal alanlar\u0131, yap\u0131la\u015fma bi\u00e7imi ve kentsel organizasyonu hakk\u0131nda kapsaml\u0131 bilgiler payla\u015f\u0131ld\u0131. Antik kentin \u015fehir planlama anlay\u0131\u015f\u0131, g\u00fcn\u00fcm\u00fcz kentleriyle kurdu\u011fu ili\u015fkiler \u00fczerinden ayr\u0131ca de\u011ferlendirildi. Ger\u00e7ekle\u015ftirilen incelemelerin, k\u00fclt\u00fcrel miras\u0131n korunmas\u0131 ve planlama disiplinine katk\u0131 sunmas\u0131 a\u00e7\u0131s\u0131ndan \u00f6nemli oldu\u011fu vurgulan\u0131rken, TMMOB \u015eehir Planc\u0131lar\u0131 Odas\u0131 Ayd\u0131n \u0130l Temsilcili\u011fi, de\u011ferli katk\u0131lar\u0131 i\u00e7in ba\u015fta Kaz\u0131 Ba\u015fkan\u0131 Prof. Dr. Murat \u00c7ekilmez olmak \u00fczere, teknik geziye kat\u0131l\u0131m sa\u011flayan t\u00fcm meslekta\u015flara te\u015fekk\u00fcr etti.<br \/><\/p>\n","protected":false},"excerpt":{"rendered":"<p>\u015eehir planc\u0131lar\u0131, Tralleis Antik Kenti\u2019nin tarihi ve k\u00fclt\u00fcrel miras\u0131n\u0131 yerinde inceleyerek mesleki bilgi payla\u015f\u0131m\u0131nda bulundu. Ayd\u0131n\u2019\u0131n ilk yerle\u015fim yerlerinden oldu\u011fu d\u00fc\u015f\u00fcn\u00fclen Tralleis Antik Kenti\u2019nde 2025 y\u0131l\u0131 kaz\u0131 \u00e7al\u0131\u015fmalar\u0131 devam ederken, TMMOB \u015eehir Planc\u0131lar\u0131 Odas\u0131 Ayd\u0131n \u0130l Temsilcili\u011fi taraf\u0131ndan antik kente teknik gezi d\u00fczenlendi. \u015eehir planc\u0131lar\u0131, teknik gezi kapsam\u0131nda antik kentin \u015fehir planlar\u0131, mekansal kurgusu ve&#8230;<\/p>\n","protected":false},"author":1,"featured_media":75878,"comment_status":"open","ping_status":"open","sticky":false,"template":"","format":"standard","meta":{"_crdt_document":"","footnotes":""},"categories":[1],"tags":[],"class_list":["post-75877","post","type-post","status-publish","format-standard","has-post-thumbnail","hentry","category-guncel"],"_links":{"self":[{"href":"https:\/\/www.egemtv.com\/index.php?rest_route=\/wp\/v2\/posts\/75877","targetHints":{"allow":["GET"]}}],"collection":[{"href":"https:\/\/www.egemtv.com\/index.php?rest_route=\/wp\/v2\/posts"}],"about":[{"href":"https:\/\/www.egemtv.com\/index.php?rest_route=\/wp\/v2\/types\/post"}],"author":[{"embeddable":true,"href":"https:\/\/www.egemtv.com\/index.php?rest_route=\/wp\/v2\/users\/1"}],"replies":[{"embeddable":true,"href":"https:\/\/www.egemtv.com\/index.php?rest_route=%2Fwp%2Fv2%2Fcomments&post=75877"}],"version-history":[{"count":1,"href":"https:\/\/www.egemtv.com\/index.php?rest_route=\/wp\/v2\/posts\/75877\/revisions"}],"predecessor-version":[{"id":75879,"href":"https:\/\/www.egemtv.com\/index.php?rest_route=\/wp\/v2\/posts\/75877\/revisions\/75879"}],"wp:featuredmedia":[{"embeddable":true,"href":"https:\/\/www.egemtv.com\/index.php?rest_route=\/wp\/v2\/media\/75878"}],"wp:attachment":[{"href":"https:\/\/www.egemtv.com\/index.php?rest_route=%2Fwp%2Fv2%2Fmedia&parent=75877"}],"wp:term":[{"taxonomy":"category","embeddable":true,"href":"https:\/\/www.egemtv.com\/index.php?rest_route=%2Fwp%2Fv2%2Fcategories&post=75877"},{"taxonomy":"post_tag","embeddable":true,"href":"https:\/\/www.egemtv.com\/index.php?rest_route=%2Fwp%2Fv2%2Ftags&post=75877"}],"curies":[{"name":"wp","href":"https:\/\/api.w.org\/{rel}","templated":true}]}}