{"id":75874,"date":"2025-12-22T15:55:39","date_gmt":"2025-12-22T12:55:39","guid":{"rendered":"https:\/\/www.egemtv.com\/?p=75874"},"modified":"2025-12-22T15:55:40","modified_gmt":"2025-12-22T12:55:40","slug":"ilidag-mahallesi-saglik-ocaginin-temeli-atildi","status":"publish","type":"post","link":"https:\/\/www.egemtv.com\/?p=75874","title":{"rendered":"Il\u0131da\u011f Mahallesi Sa\u011fl\u0131k Oca\u011f\u0131\u2019n\u0131n temeli at\u0131ld\u0131"},"content":{"rendered":"<p>K\u00f6\u015fk Belediyesi taraf\u0131ndan Il\u0131da\u011f Mahallesi\u2019nde yap\u0131m\u0131 planlanan sa\u011fl\u0131k oca\u011f\u0131n\u0131n temeli at\u0131ld\u0131.<\/p>\n<p>Ayd\u0131n\u2019\u0131n K\u00f6\u015fk il\u00e7esi k\u0131rsal Il\u0131da\u011f Mahalle sakinlerinden gelen talepler do\u011frultusunda \u0130l Sa\u011fl\u0131k M\u00fcd\u00fcrl\u00fc\u011f\u00fc ile y\u00fcr\u00fct\u00fclen koordinasyon sonucu hayata ge\u00e7irilen proje, il\u00e7ede memnuniyetle kar\u015f\u0131land\u0131. K\u00f6\u015fk Belediye Ba\u015fkan\u0131 Nuri G\u00fcler, Il\u0131da\u011f Mahallesi\u2019nde \u00f6nemli bir ihtiyac\u0131n giderildi\u011fini belirterek, belediye taraf\u0131ndan in\u015fa edilen sa\u011fl\u0131k oca\u011f\u0131n\u0131n ilk betonunun d\u00f6k\u00fclmesinin kendilerine nasip oldu\u011funu ifade etti. Yeni sa\u011fl\u0131k oca\u011f\u0131n\u0131n en k\u0131sa s\u00fcrede tamamlanarak hizmete sunulmas\u0131n\u0131n hedeflendi\u011fini belirten G\u00fcler, projenin il\u00e7e, mahalle ve vatanda\u015flar i\u00e7in hay\u0131rl\u0131 olmas\u0131n\u0131 temenni etti.<\/p>\n<p>Mahalle sakinlerinin sa\u011fl\u0131k hizmetlerine daha kolay ula\u015fmas\u0131n\u0131 sa\u011flayacak olan sa\u011fl\u0131k oca\u011f\u0131n\u0131n tamamlanmas\u0131yla birlikte Il\u0131da\u011f Mahallesi\u2019nde \u00f6nemli bir eksikli\u011fin giderilmi\u015f olaca\u011f\u0131 kaydedildi.<br \/><\/p>\n","protected":false},"excerpt":{"rendered":"<p>K\u00f6\u015fk Belediyesi taraf\u0131ndan Il\u0131da\u011f Mahallesi\u2019nde yap\u0131m\u0131 planlanan sa\u011fl\u0131k oca\u011f\u0131n\u0131n temeli at\u0131ld\u0131. Ayd\u0131n\u2019\u0131n K\u00f6\u015fk il\u00e7esi k\u0131rsal Il\u0131da\u011f Mahalle sakinlerinden gelen talepler do\u011frultusunda \u0130l Sa\u011fl\u0131k M\u00fcd\u00fcrl\u00fc\u011f\u00fc ile y\u00fcr\u00fct\u00fclen koordinasyon sonucu hayata ge\u00e7irilen proje, il\u00e7ede memnuniyetle kar\u015f\u0131land\u0131. K\u00f6\u015fk Belediye Ba\u015fkan\u0131 Nuri G\u00fcler, Il\u0131da\u011f Mahallesi\u2019nde \u00f6nemli bir ihtiyac\u0131n giderildi\u011fini belirterek, belediye taraf\u0131ndan in\u015fa edilen sa\u011fl\u0131k oca\u011f\u0131n\u0131n ilk betonunun d\u00f6k\u00fclmesinin&#8230;<\/p>\n","protected":false},"author":1,"featured_media":75875,"comment_status":"open","ping_status":"open","sticky":false,"template":"","format":"standard","meta":{"_crdt_document":"","footnotes":""},"categories":[2],"tags":[],"class_list":["post-75874","post","type-post","status-publish","format-standard","has-post-thumbnail","hentry","category-saglik"],"_links":{"self":[{"href":"https:\/\/www.egemtv.com\/index.php?rest_route=\/wp\/v2\/posts\/75874","targetHints":{"allow":["GET"]}}],"collection":[{"href":"https:\/\/www.egemtv.com\/index.php?rest_route=\/wp\/v2\/posts"}],"about":[{"href":"https:\/\/www.egemtv.com\/index.php?rest_route=\/wp\/v2\/types\/post"}],"author":[{"embeddable":true,"href":"https:\/\/www.egemtv.com\/index.php?rest_route=\/wp\/v2\/users\/1"}],"replies":[{"embeddable":true,"href":"https:\/\/www.egemtv.com\/index.php?rest_route=%2Fwp%2Fv2%2Fcomments&post=75874"}],"version-history":[{"count":1,"href":"https:\/\/www.egemtv.com\/index.php?rest_route=\/wp\/v2\/posts\/75874\/revisions"}],"predecessor-version":[{"id":75876,"href":"https:\/\/www.egemtv.com\/index.php?rest_route=\/wp\/v2\/posts\/75874\/revisions\/75876"}],"wp:featuredmedia":[{"embeddable":true,"href":"https:\/\/www.egemtv.com\/index.php?rest_route=\/wp\/v2\/media\/75875"}],"wp:attachment":[{"href":"https:\/\/www.egemtv.com\/index.php?rest_route=%2Fwp%2Fv2%2Fmedia&parent=75874"}],"wp:term":[{"taxonomy":"category","embeddable":true,"href":"https:\/\/www.egemtv.com\/index.php?rest_route=%2Fwp%2Fv2%2Fcategories&post=75874"},{"taxonomy":"post_tag","embeddable":true,"href":"https:\/\/www.egemtv.com\/index.php?rest_route=%2Fwp%2Fv2%2Ftags&post=75874"}],"curies":[{"name":"wp","href":"https:\/\/api.w.org\/{rel}","templated":true}]}}