{"id":75871,"date":"2025-12-22T15:55:38","date_gmt":"2025-12-22T12:55:38","guid":{"rendered":"https:\/\/www.egemtv.com\/?p=75871"},"modified":"2025-12-22T15:55:39","modified_gmt":"2025-12-22T12:55:39","slug":"prof-dr-huseyin-aktas-gelecegin-liderleriyle-bulustu","status":"publish","type":"post","link":"https:\/\/www.egemtv.com\/?p=75871","title":{"rendered":"Prof. Dr. H\u00fcseyin Akta\u015f gelece\u011fin liderleriyle bulu\u015ftu"},"content":{"rendered":"<p>Manisa\u2019ya akademik ve sosyal alanda \u00f6nemli katk\u0131lar sunan Manisa Celal Bayar \u00dcniversitesi \u00d6\u011fretim \u00dcyesi Prof. Dr. H\u00fcseyin Akta\u015f, Manisa Uluslararas\u0131 \u00d6\u011frenci Derne\u011fi ev sahipli\u011finde d\u00fczenlenen gen\u00e7lik bulu\u015fmas\u0131nda sivil toplum kurulu\u015flar\u0131n\u0131n gen\u00e7 temsilcileriyle bir araya geldi.<br \/>\n<br \/>Manisa\u2019da faaliyet g\u00f6steren gen\u00e7lik sivil toplum kurulu\u015flar\u0131n\u0131n olu\u015fturdu\u011fu Manisa Gen\u00e7lik Platformu (MAGEP) taraf\u0131ndan haz\u0131rlanan \u00e7al\u0131\u015fma takvimi kapsam\u0131nda ger\u00e7ekle\u015ftirilen toplant\u0131, Manisa Celal Bayar \u00dcniversitesi Sultan Kona\u011f\u0131 Sosyal Tesisleri\u2019nde yap\u0131ld\u0131.<br \/>\n<br \/>Tan\u0131\u015fma ve isti\u015fare amac\u0131yla d\u00fczenlenen programda, sivil toplum kurulu\u015flar\u0131n\u0131n y\u00f6neticileri ve y\u00f6netim kurulu \u00fcyeleri kat\u0131l\u0131m sa\u011flad\u0131. Toplant\u0131da gen\u00e7li\u011fin sosyal hayattaki rol\u00fc, g\u00f6n\u00fcll\u00fcl\u00fck faaliyetleri ve sivil toplumun gelece\u011fine y\u00f6nelik de\u011ferlendirmelerde bulunuldu.<br \/>\n<br \/>Programa; Memur-Sen Manisa \u0130l Temsilcisi Ahmet Yasav, T\u00dcGVA Manisa \u0130l Temsilcisi Murat Alata\u015f, Gen\u00e7 Kadem Ba\u015fkan\u0131 Hilal Feyza Kartal, Han\u0131mlar Birimi Ba\u015fkan\u0131 \u0130kra Karsl\u0131, Gen\u00e7 \u00d6nder Ba\u015fkan\u0131 Emirhan K\u00f6m\u00fcrc\u00fc, Manisa Uluslararas\u0131 \u00d6\u011frenci Derne\u011fi Ba\u015fkan\u0131 Dr. Orhan G\u00fczel ile Gen\u00e7 Memur-Sen, Gen\u00e7 Ye\u015filay ve \u00e7e\u015fitli \u00f6\u011frenci topluluklar\u0131ndan temsilciler kat\u0131ld\u0131.<br \/>\n<br \/>Toplant\u0131, kar\u015f\u0131l\u0131kl\u0131 g\u00f6r\u00fc\u015f al\u0131\u015fveri\u015finin ard\u0131ndan hat\u0131ra foto\u011fraf\u0131 \u00e7ekimiyle sona erdi.<br \/><\/p>\n","protected":false},"excerpt":{"rendered":"<p>Manisa\u2019ya akademik ve sosyal alanda \u00f6nemli katk\u0131lar sunan Manisa Celal Bayar \u00dcniversitesi \u00d6\u011fretim \u00dcyesi Prof. Dr. H\u00fcseyin Akta\u015f, Manisa Uluslararas\u0131 \u00d6\u011frenci Derne\u011fi ev sahipli\u011finde d\u00fczenlenen gen\u00e7lik bulu\u015fmas\u0131nda sivil toplum kurulu\u015flar\u0131n\u0131n gen\u00e7 temsilcileriyle bir araya geldi. Manisa\u2019da faaliyet g\u00f6steren gen\u00e7lik sivil toplum kurulu\u015flar\u0131n\u0131n olu\u015fturdu\u011fu Manisa Gen\u00e7lik Platformu (MAGEP) taraf\u0131ndan haz\u0131rlanan \u00e7al\u0131\u015fma takvimi kapsam\u0131nda ger\u00e7ekle\u015ftirilen toplant\u0131, Manisa&#8230;<\/p>\n","protected":false},"author":1,"featured_media":75872,"comment_status":"open","ping_status":"open","sticky":false,"template":"","format":"standard","meta":{"_crdt_document":"","footnotes":""},"categories":[123],"tags":[],"class_list":["post-75871","post","type-post","status-publish","format-standard","has-post-thumbnail","hentry","category-gundem"],"_links":{"self":[{"href":"https:\/\/www.egemtv.com\/index.php?rest_route=\/wp\/v2\/posts\/75871","targetHints":{"allow":["GET"]}}],"collection":[{"href":"https:\/\/www.egemtv.com\/index.php?rest_route=\/wp\/v2\/posts"}],"about":[{"href":"https:\/\/www.egemtv.com\/index.php?rest_route=\/wp\/v2\/types\/post"}],"author":[{"embeddable":true,"href":"https:\/\/www.egemtv.com\/index.php?rest_route=\/wp\/v2\/users\/1"}],"replies":[{"embeddable":true,"href":"https:\/\/www.egemtv.com\/index.php?rest_route=%2Fwp%2Fv2%2Fcomments&post=75871"}],"version-history":[{"count":1,"href":"https:\/\/www.egemtv.com\/index.php?rest_route=\/wp\/v2\/posts\/75871\/revisions"}],"predecessor-version":[{"id":75873,"href":"https:\/\/www.egemtv.com\/index.php?rest_route=\/wp\/v2\/posts\/75871\/revisions\/75873"}],"wp:featuredmedia":[{"embeddable":true,"href":"https:\/\/www.egemtv.com\/index.php?rest_route=\/wp\/v2\/media\/75872"}],"wp:attachment":[{"href":"https:\/\/www.egemtv.com\/index.php?rest_route=%2Fwp%2Fv2%2Fmedia&parent=75871"}],"wp:term":[{"taxonomy":"category","embeddable":true,"href":"https:\/\/www.egemtv.com\/index.php?rest_route=%2Fwp%2Fv2%2Fcategories&post=75871"},{"taxonomy":"post_tag","embeddable":true,"href":"https:\/\/www.egemtv.com\/index.php?rest_route=%2Fwp%2Fv2%2Ftags&post=75871"}],"curies":[{"name":"wp","href":"https:\/\/api.w.org\/{rel}","templated":true}]}}