{"id":75868,"date":"2025-12-22T15:55:37","date_gmt":"2025-12-22T12:55:37","guid":{"rendered":"https:\/\/www.egemtv.com\/?p=75868"},"modified":"2025-12-22T15:55:38","modified_gmt":"2025-12-22T12:55:38","slug":"girisimci-kadinlar-ve-el-emegi-festivali-dolu-dolu-gecti","status":"publish","type":"post","link":"https:\/\/www.egemtv.com\/?p=75868","title":{"rendered":"Giri\u015fimci Kad\u0131nlar ve El Eme\u011fi Festivali dolu dolu ge\u00e7ti"},"content":{"rendered":"<p>Merkezefendi Belediyesi taraf\u0131ndan d\u00fczenlenen ve \u00fc\u00e7 g\u00fcn s\u00fcren Giri\u015fimci Kad\u0131nlar ve El Eme\u011fi Festivali, Denizlililerin yo\u011fun ilgisiyle birlikte sona erdi. Merkezefendi Belediye Ba\u015fkan\u0131 \u015eeniz Do\u011fan, &#8220;Ger\u00e7ekle\u015ftirmekten b\u00fcy\u00fck mutluluk ve heyecan duydu\u011fumuz Giri\u015fimci Kad\u0131nlar ve El Eme\u011fi Festivali\u2019miz \u00fc\u00e7 g\u00fcn boyunca \u00fcretimin, eme\u011fin ve dayan\u0131\u015fman\u0131n en g\u00fczel \u00f6rneklerine ev sahipli\u011fi yapt\u0131&#8221; dedi.<br \/>\n<br \/>Merkezefendi Belediyesi, giri\u015fimci kad\u0131nlara destek olmak amac\u0131yla ba\u015flatt\u0131\u011f\u0131 ve sonras\u0131nda geleneksel hale getirdi\u011fi Giri\u015fimci Kad\u0131nlar ve El Eme\u011fi Festivali, Merkezefendi K\u00fclt\u00fcr Merkezi\u2019nde ger\u00e7ekle\u015ftirildi. Denizlililerin sahiplendi\u011fi ve yo\u011fun kat\u0131l\u0131m g\u00f6sterdi\u011fi \u00fc\u00e7 g\u00fcnl\u00fck festivalde, sevilen sanat\u00e7\u0131 Cem Belevi, darbuka g\u00f6sterisiyle Ceren \u00d6zdemir, \u015fark\u0131c\u0131 G\u00fcven\u00e7 Y\u0131ld\u0131r\u0131m, Suna Dumankaya, Psikolojik Dan\u0131\u015fman ve Aile Dan\u0131\u015fman\u0131 Kevser \u0130rdem, Uzman Doktor Bet\u00fcl Y\u0131lmaz ve Ritmin Melekleri sevenleri ve dinleyicileri ile bulu\u015ftu. Festivalde kad\u0131n giri\u015fimcilerin el eme\u011fi \u00fcr\u00fcnlerinin sat\u0131\u015fa sunuldu\u011fu stantlar \u00fc\u00e7 g\u00fcn boyunca saat 22.00\u2019ye kadar a\u00e7\u0131k kald\u0131. Denizlililer el eme\u011fi, g\u00f6z nuru \u00fcr\u00fcnlere b\u00fcy\u00fck ilgi g\u00f6stererek al\u0131\u015fveri\u015f yapt\u0131. Hem kad\u0131n giri\u015fimciler hem de vatanda\u015flar festivalden duyduklar\u0131 memnuniyeti dile getirdi.<br \/>\n<br \/>Festivale, Cumhuriyet Halk Partisi Denizli \u0130l Ba\u015fkan\u0131 Ali Osman Horzum, Denizli B\u00fcy\u00fck\u015fehir Belediye Ba\u015fkan\u0131 B\u00fclent Nuri \u00c7avu\u015fo\u011flu, Bozkurt Belediye Ba\u015fkan\u0131 Birsen \u00c7elik, Tavas Belediye Ba\u015fkan\u0131 Kadir Tat\u0131k, Denizli B\u00fcy\u00fck\u015fehir Belediye Meclisi Ba\u015fkan Vekili Ali Mar\u0131m, Cumhuriyet Halk Partisi Merkezefendi \u0130l\u00e7e Ba\u015fkan\u0131 M\u00fcjdat \u0130lhan, Denizli B\u00fcy\u00fck\u015fehir Belediye Ba\u015fkan\u0131 B\u00fclent Nuri \u00c7avu\u015fo\u011flu\u2019nun e\u015fi Nilg\u00fcn \u00c7avu\u015fo\u011flu, Merkezefendi Belediyesi Giri\u015fimci Kad\u0131nlar Ment\u00f6rl\u00fc\u011f\u00fc\u2019n\u00fc \u00fcstlenen Sevda Karaali, Merkezefendi Belediye Ba\u015fkan Yard\u0131mc\u0131lar\u0131, muhtarlar, meclis \u00fcyeleri ve \u00e7ok say\u0131da vatanda\u015f kat\u0131ld\u0131.<br \/>\n<br \/>&#8220;Kad\u0131nlar\u0131m\u0131z burada \u00e7ok g\u00fczel dostluklar olu\u015fturuyor&#8221;<br \/>\n<br \/>Merkezefendi\u2019de kad\u0131nlar\u0131n ayr\u0131cal\u0131\u011f\u0131n\u0131n olmas\u0131n\u0131 belirten Merkezefendi Belediye Ba\u015fkan\u0131 \u015eeniz Do\u011fan, &#8220;2019\u2019da ba\u015flayan bu s\u00fcre\u00e7te, art\u0131k kad\u0131nlar\u0131m\u0131z\u0131n biraz daha sesinin \u00e7\u0131kmas\u0131 gerekiyor, biraz daha kendine g\u00fcvenmeleri gerekiyor, biraz daha \u00f6zg\u00fcrl\u00fcklerini eline almas\u0131 gerekiyor dedik. Bir\u00e7ok kad\u0131n\u0131n deste\u011fiyle bug\u00fcne geldik. \u00dcr\u00fcnlere bakt\u0131\u011f\u0131mda birbirinden g\u00fczel, el eme\u011fi olan hayal d\u00fcnyas\u0131n\u0131 ger\u00e7ekle\u015ftiren, hayalleri i\u00e7in ad\u0131m atan bir\u00e7ok kad\u0131n\u0131 g\u00f6r\u00fcyorum. Ge\u00e7mi\u015fte de bu festivale kat\u0131l\u0131p da kendini ihracata adayan ya da d\u00fckk\u00e2n a\u00e7an bir\u00e7ok kad\u0131n ile yol arkada\u015fl\u0131\u011f\u0131 yapt\u0131k. Hem el eme\u011fi \u00fcreten kad\u0131nlar\u0131m\u0131z\u0131n \u00fcr\u00fcnlerini g\u00f6rece\u011fiz. Hem onlar\u0131 ziyaret edece\u011fiz. Kad\u0131nlar\u0131m\u0131z burada \u00e7ok g\u00fczel dostluklar olu\u015fturuyor. \u00dc\u00e7 g\u00fcn boyunca hem e\u011flenece\u011fiz hem g\u00fclece\u011fiz hem de giri\u015fimci kad\u0131nlara destek olaca\u011f\u0131z. Merkezefendi\u2019de sizlerle birlikte de\u011fi\u015fimi, d\u00f6n\u00fc\u015f\u00fcm\u00fc ger\u00e7ekle\u015ftiriyoruz. Bizim i\u00e7in buran\u0131n en \u00f6nemli k\u0131sm\u0131 y\u0131llard\u0131r emek veren kad\u0131nlar\u0131n \u00fcr\u00fcnlerini g\u00f6stermek ve onlar\u0131n sat\u0131\u015f\u0131nda yard\u0131mc\u0131 olmak&#8221; dedi.<br \/>\n<br \/>&#8220;Kad\u0131nlar\u0131n eme\u011fine sa\u011fl\u0131k&#8221;<br \/>\n<br \/>Kad\u0131n\u0131n oldu\u011fu her yerin mutlu ve huzurlu oldu\u011funu belirten Tavas Belediye Ba\u015fkan\u0131 Kadir Tat\u0131k, &#8220;B\u00fct\u00fcn kad\u0131nlara sayg\u0131lar\u0131m\u0131 sunuyorum. Umar\u0131m g\u00fczel bir festival olur. Her \u015fey d\u00fc\u015f\u00fcn\u00fclm\u00fc\u015f her \u015fey g\u00fczel bir \u015fekilde ayarlanm\u0131\u015f. El eme\u011fi \u00fcretip festivale gelen kad\u0131nlar\u0131m\u0131z\u0131n ellerine sa\u011fl\u0131k. Ba\u015fta Merkezefendi Belediye Ba\u015fkan\u0131 \u015eeniz Do\u011fan olmak \u00fczere b\u00fct\u00fcn han\u0131mefendilere sayg\u0131lar\u0131m\u0131 sunuyorum&#8221; diye konu\u015ftu.<br \/><\/p>\n","protected":false},"excerpt":{"rendered":"<p>Merkezefendi Belediyesi taraf\u0131ndan d\u00fczenlenen ve \u00fc\u00e7 g\u00fcn s\u00fcren Giri\u015fimci Kad\u0131nlar ve El Eme\u011fi Festivali, Denizlililerin yo\u011fun ilgisiyle birlikte sona erdi. Merkezefendi Belediye Ba\u015fkan\u0131 \u015eeniz Do\u011fan, &#8220;Ger\u00e7ekle\u015ftirmekten b\u00fcy\u00fck mutluluk ve heyecan duydu\u011fumuz Giri\u015fimci Kad\u0131nlar ve El Eme\u011fi Festivali\u2019miz \u00fc\u00e7 g\u00fcn boyunca \u00fcretimin, eme\u011fin ve dayan\u0131\u015fman\u0131n en g\u00fczel \u00f6rneklerine ev sahipli\u011fi yapt\u0131&#8221; dedi. Merkezefendi Belediyesi, giri\u015fimci kad\u0131nlara&#8230;<\/p>\n","protected":false},"author":1,"featured_media":75869,"comment_status":"open","ping_status":"open","sticky":false,"template":"","format":"standard","meta":{"_crdt_document":"","footnotes":""},"categories":[1],"tags":[],"class_list":["post-75868","post","type-post","status-publish","format-standard","has-post-thumbnail","hentry","category-guncel"],"_links":{"self":[{"href":"https:\/\/www.egemtv.com\/index.php?rest_route=\/wp\/v2\/posts\/75868","targetHints":{"allow":["GET"]}}],"collection":[{"href":"https:\/\/www.egemtv.com\/index.php?rest_route=\/wp\/v2\/posts"}],"about":[{"href":"https:\/\/www.egemtv.com\/index.php?rest_route=\/wp\/v2\/types\/post"}],"author":[{"embeddable":true,"href":"https:\/\/www.egemtv.com\/index.php?rest_route=\/wp\/v2\/users\/1"}],"replies":[{"embeddable":true,"href":"https:\/\/www.egemtv.com\/index.php?rest_route=%2Fwp%2Fv2%2Fcomments&post=75868"}],"version-history":[{"count":1,"href":"https:\/\/www.egemtv.com\/index.php?rest_route=\/wp\/v2\/posts\/75868\/revisions"}],"predecessor-version":[{"id":75870,"href":"https:\/\/www.egemtv.com\/index.php?rest_route=\/wp\/v2\/posts\/75868\/revisions\/75870"}],"wp:featuredmedia":[{"embeddable":true,"href":"https:\/\/www.egemtv.com\/index.php?rest_route=\/wp\/v2\/media\/75869"}],"wp:attachment":[{"href":"https:\/\/www.egemtv.com\/index.php?rest_route=%2Fwp%2Fv2%2Fmedia&parent=75868"}],"wp:term":[{"taxonomy":"category","embeddable":true,"href":"https:\/\/www.egemtv.com\/index.php?rest_route=%2Fwp%2Fv2%2Fcategories&post=75868"},{"taxonomy":"post_tag","embeddable":true,"href":"https:\/\/www.egemtv.com\/index.php?rest_route=%2Fwp%2Fv2%2Ftags&post=75868"}],"curies":[{"name":"wp","href":"https:\/\/api.w.org\/{rel}","templated":true}]}}