{"id":75865,"date":"2025-12-22T15:35:39","date_gmt":"2025-12-22T12:35:39","guid":{"rendered":"https:\/\/www.egemtv.com\/?p=75865"},"modified":"2025-12-22T15:35:40","modified_gmt":"2025-12-22T12:35:40","slug":"onlarin-hatirasi-icin-cocuklari-gulumsettiler","status":"publish","type":"post","link":"https:\/\/www.egemtv.com\/?p=75865","title":{"rendered":"Onlar\u0131n hat\u0131ras\u0131 i\u00e7in \u00e7ocuklar\u0131 g\u00fcl\u00fcmsettiler"},"content":{"rendered":"<p>Yunusemre Belediyesi Kaynak Anaokulu \u00f6\u011fretmenleri, merhum Manisa B\u00fcy\u00fck\u015fehir Belediye Ba\u015fkan\u0131 Ferdi Zeyrek ve merhume \u015eehzadeler Belediye Ba\u015fkan\u0131 G\u00fcl\u015fah Durbay\u2019\u0131 dualarla anarak, \u00e7ocuklara okul \u00f6n\u00fcnde pamuk \u015feker hayr\u0131nda bulundu.<br \/>\n<br \/>Okul y\u00f6netimi ve \u00f6\u011fretmenlerin kat\u0131l\u0131m\u0131yla ger\u00e7ekle\u015ftirilen etkinlikte, payla\u015fman\u0131n ve vefan\u0131n \u00f6nemi bir kez daha vurguland\u0131. Merhum Ferdi Zeyrek ve merhume G\u00fcl\u015fah Durbay\u2019\u0131n ruhuna ithafen ger\u00e7ekle\u015ftirilen hay\u0131rda dualar okunurken, her iki ismin topluma katt\u0131\u011f\u0131 de\u011ferler ve \u00e7ocuk sevgisi bir kez daha hat\u0131rlat\u0131ld\u0131. Okul M\u00fcd\u00fcr\u00fc \u00d6zlem Zeyrek Yeti\u015fen, &#8220;Merhum Ferdi Zeyrek ve merhume G\u00fcl\u015fah Durbay i\u00e7in \u00f6\u011fretmenlerimizin katk\u0131lar\u0131yla bu hayr\u0131 ger\u00e7ekle\u015ftirdik. Onlar \u00e7ocuklar\u0131 her zaman \u00e7ok severdi; biz de onlar\u0131n bu sevgisine kar\u015f\u0131l\u0131k \u00e7ocuklar\u0131m\u0131z\u0131 g\u00fcl\u00fcmseterek kendilerini rahmetle anmak istedik. Yap\u0131lan bu hayr\u0131n kabul olmas\u0131n\u0131 temenni ediyor; merhumlara Allah\u2019tan rahmet, yak\u0131nlar\u0131na bir kez daha sab\u0131rlar diliyoruz. Mekanlar\u0131 cennet olsun&#8221; dedi.<br \/><\/p>\n","protected":false},"excerpt":{"rendered":"<p>Yunusemre Belediyesi Kaynak Anaokulu \u00f6\u011fretmenleri, merhum Manisa B\u00fcy\u00fck\u015fehir Belediye Ba\u015fkan\u0131 Ferdi Zeyrek ve merhume \u015eehzadeler Belediye Ba\u015fkan\u0131 G\u00fcl\u015fah Durbay\u2019\u0131 dualarla anarak, \u00e7ocuklara okul \u00f6n\u00fcnde pamuk \u015feker hayr\u0131nda bulundu. Okul y\u00f6netimi ve \u00f6\u011fretmenlerin kat\u0131l\u0131m\u0131yla ger\u00e7ekle\u015ftirilen etkinlikte, payla\u015fman\u0131n ve vefan\u0131n \u00f6nemi bir kez daha vurguland\u0131. Merhum Ferdi Zeyrek ve merhume G\u00fcl\u015fah Durbay\u2019\u0131n ruhuna ithafen ger\u00e7ekle\u015ftirilen hay\u0131rda dualar&#8230;<\/p>\n","protected":false},"author":1,"featured_media":75866,"comment_status":"open","ping_status":"open","sticky":false,"template":"","format":"standard","meta":{"_crdt_document":"","footnotes":""},"categories":[1],"tags":[],"class_list":["post-75865","post","type-post","status-publish","format-standard","has-post-thumbnail","hentry","category-guncel"],"_links":{"self":[{"href":"https:\/\/www.egemtv.com\/index.php?rest_route=\/wp\/v2\/posts\/75865","targetHints":{"allow":["GET"]}}],"collection":[{"href":"https:\/\/www.egemtv.com\/index.php?rest_route=\/wp\/v2\/posts"}],"about":[{"href":"https:\/\/www.egemtv.com\/index.php?rest_route=\/wp\/v2\/types\/post"}],"author":[{"embeddable":true,"href":"https:\/\/www.egemtv.com\/index.php?rest_route=\/wp\/v2\/users\/1"}],"replies":[{"embeddable":true,"href":"https:\/\/www.egemtv.com\/index.php?rest_route=%2Fwp%2Fv2%2Fcomments&post=75865"}],"version-history":[{"count":1,"href":"https:\/\/www.egemtv.com\/index.php?rest_route=\/wp\/v2\/posts\/75865\/revisions"}],"predecessor-version":[{"id":75867,"href":"https:\/\/www.egemtv.com\/index.php?rest_route=\/wp\/v2\/posts\/75865\/revisions\/75867"}],"wp:featuredmedia":[{"embeddable":true,"href":"https:\/\/www.egemtv.com\/index.php?rest_route=\/wp\/v2\/media\/75866"}],"wp:attachment":[{"href":"https:\/\/www.egemtv.com\/index.php?rest_route=%2Fwp%2Fv2%2Fmedia&parent=75865"}],"wp:term":[{"taxonomy":"category","embeddable":true,"href":"https:\/\/www.egemtv.com\/index.php?rest_route=%2Fwp%2Fv2%2Fcategories&post=75865"},{"taxonomy":"post_tag","embeddable":true,"href":"https:\/\/www.egemtv.com\/index.php?rest_route=%2Fwp%2Fv2%2Ftags&post=75865"}],"curies":[{"name":"wp","href":"https:\/\/api.w.org\/{rel}","templated":true}]}}