{"id":75862,"date":"2025-12-22T15:14:44","date_gmt":"2025-12-22T12:14:44","guid":{"rendered":"https:\/\/www.egemtv.com\/?p=75862"},"modified":"2025-12-22T15:14:45","modified_gmt":"2025-12-22T12:14:45","slug":"gulsah-durbay-icin-kentin-dort-bir-yaninda-lokma-hayri-yapildi","status":"publish","type":"post","link":"https:\/\/www.egemtv.com\/?p=75862","title":{"rendered":"G\u00fcl\u015fah Durbay i\u00e7in kentin d\u00f6rt bir yan\u0131nda lokma hayr\u0131 yap\u0131ld\u0131"},"content":{"rendered":"<p>Merhume \u015eehzadeler Belediye Ba\u015fkan\u0131 G\u00fcl\u015fah Durbay\u2019\u0131n vefat\u0131n\u0131n yedinci g\u00fcn\u00fc dolay\u0131s\u0131yla, kent genelinde farkl\u0131 noktalarda d\u00fczenlenen lokma hay\u0131rlar\u0131nda vatanda\u015flara ikramda bulunuldu.<br \/>\n<br \/>Hayat\u0131n\u0131 kaybeden \u015eehzadeler Belediye Ba\u015fkan\u0131 G\u00fcl\u015fah Durbay\u2019\u0131n vefat\u0131n\u0131n yedinci g\u00fcn\u00fc dolay\u0131s\u0131yla, kent genelinde anma amac\u0131yla lokma hay\u0131rlar\u0131 ger\u00e7ekle\u015ftirildi. Merhume Ba\u015fkan Durbay\u2019\u0131n hayr\u0131 i\u00e7in d\u00fczenlenen ikramlar; \u015eehzadeler Belediyesi, Cumhuriyet Meydan\u0131, Manolya Meydan\u0131, MASK\u0130, 100. Y\u0131l Meydan\u0131, Manisa Prime, \u0130ki L\u00fcleli Camii, Alaybey Camii, Ku\u015flubah\u00e7e Kent Lokantas\u0131 ile Manisa \u015eehir Hastanesi\u2019nde vatanda\u015flara sunuldu.<br \/>\n<br \/>Lokma hay\u0131rlar\u0131n\u0131n en anlaml\u0131 anlar\u0131ndan biri ise Ba\u015fkan Durbay\u2019\u0131n ailesinin kat\u0131l\u0131m\u0131yla ya\u015fand\u0131. Merhume Ba\u015fkan\u2019\u0131n babas\u0131 Osman Durbay ve k\u0131z karde\u015fi Nevsale Durbay Karata\u015f, \u015eehzadeler Belediyesi binas\u0131 ve Cumhuriyet Meydan\u0131\u2019nda ger\u00e7ekle\u015ftirilen lokma da\u011f\u0131t\u0131mlar\u0131nda haz\u0131r bulunarak vatanda\u015flara bizzat lokma ikram etti. Lokma hayr\u0131na \u015eehzadeler\u2019in yeni Belediye Ba\u015fkan\u0131 Hakan \u015eim\u015fek, CHP \u015eehzadeler \u0130l\u00e7e Ba\u015fkan\u0131 Mert \u00d6zk\u00f6semen, belediye ba\u015fkan yard\u0131mc\u0131lar\u0131 ve partililer de kat\u0131ld\u0131. Aile fertleri, lokma alan vatanda\u015flarla sohbet ederek taziyeleri kabul etti. Kentin farkl\u0131 noktalar\u0131nda e\u015f zamanl\u0131 olarak yap\u0131lan lokma hay\u0131rlar\u0131nda G\u00fcl\u015fah Durbay i\u00e7in dualar edilirken, vatanda\u015flar merhume ba\u015fkan\u0131 sevgi, sayg\u0131 ve rahmetle and\u0131.<br \/><\/p>\n","protected":false},"excerpt":{"rendered":"<p>Merhume \u015eehzadeler Belediye Ba\u015fkan\u0131 G\u00fcl\u015fah Durbay\u2019\u0131n vefat\u0131n\u0131n yedinci g\u00fcn\u00fc dolay\u0131s\u0131yla, kent genelinde farkl\u0131 noktalarda d\u00fczenlenen lokma hay\u0131rlar\u0131nda vatanda\u015flara ikramda bulunuldu. Hayat\u0131n\u0131 kaybeden \u015eehzadeler Belediye Ba\u015fkan\u0131 G\u00fcl\u015fah Durbay\u2019\u0131n vefat\u0131n\u0131n yedinci g\u00fcn\u00fc dolay\u0131s\u0131yla, kent genelinde anma amac\u0131yla lokma hay\u0131rlar\u0131 ger\u00e7ekle\u015ftirildi. Merhume Ba\u015fkan Durbay\u2019\u0131n hayr\u0131 i\u00e7in d\u00fczenlenen ikramlar; \u015eehzadeler Belediyesi, Cumhuriyet Meydan\u0131, Manolya Meydan\u0131, MASK\u0130, 100. Y\u0131l Meydan\u0131,&#8230;<\/p>\n","protected":false},"author":1,"featured_media":75863,"comment_status":"open","ping_status":"open","sticky":false,"template":"","format":"standard","meta":{"_crdt_document":"","footnotes":""},"categories":[123],"tags":[],"class_list":["post-75862","post","type-post","status-publish","format-standard","has-post-thumbnail","hentry","category-gundem"],"_links":{"self":[{"href":"https:\/\/www.egemtv.com\/index.php?rest_route=\/wp\/v2\/posts\/75862","targetHints":{"allow":["GET"]}}],"collection":[{"href":"https:\/\/www.egemtv.com\/index.php?rest_route=\/wp\/v2\/posts"}],"about":[{"href":"https:\/\/www.egemtv.com\/index.php?rest_route=\/wp\/v2\/types\/post"}],"author":[{"embeddable":true,"href":"https:\/\/www.egemtv.com\/index.php?rest_route=\/wp\/v2\/users\/1"}],"replies":[{"embeddable":true,"href":"https:\/\/www.egemtv.com\/index.php?rest_route=%2Fwp%2Fv2%2Fcomments&post=75862"}],"version-history":[{"count":1,"href":"https:\/\/www.egemtv.com\/index.php?rest_route=\/wp\/v2\/posts\/75862\/revisions"}],"predecessor-version":[{"id":75864,"href":"https:\/\/www.egemtv.com\/index.php?rest_route=\/wp\/v2\/posts\/75862\/revisions\/75864"}],"wp:featuredmedia":[{"embeddable":true,"href":"https:\/\/www.egemtv.com\/index.php?rest_route=\/wp\/v2\/media\/75863"}],"wp:attachment":[{"href":"https:\/\/www.egemtv.com\/index.php?rest_route=%2Fwp%2Fv2%2Fmedia&parent=75862"}],"wp:term":[{"taxonomy":"category","embeddable":true,"href":"https:\/\/www.egemtv.com\/index.php?rest_route=%2Fwp%2Fv2%2Fcategories&post=75862"},{"taxonomy":"post_tag","embeddable":true,"href":"https:\/\/www.egemtv.com\/index.php?rest_route=%2Fwp%2Fv2%2Ftags&post=75862"}],"curies":[{"name":"wp","href":"https:\/\/api.w.org\/{rel}","templated":true}]}}