{"id":75859,"date":"2025-12-22T15:14:43","date_gmt":"2025-12-22T12:14:43","guid":{"rendered":"https:\/\/www.egemtv.com\/?p=75859"},"modified":"2025-12-22T15:14:43","modified_gmt":"2025-12-22T12:14:43","slug":"buldanli-ogrencilere-vergi-bilinci-egitimi-verildi","status":"publish","type":"post","link":"https:\/\/www.egemtv.com\/?p=75859","title":{"rendered":"Buldanl\u0131 \u00f6\u011frencilere vergi bilinci e\u011fitimi verildi"},"content":{"rendered":"<p>Vergi bilincinin art\u0131r\u0131lmas\u0131 amac\u0131yla d\u00fczenlenen Vergi Bilinci E\u011fitim Program\u0131, Denizli Defterdarl\u0131\u011f\u0131 Buldan Vergi Dairesi M\u00fcd\u00fcrl\u00fc\u011f\u00fc personeli taraf\u0131ndan Buldan G\u00fcng\u00f6r Cerit Cumhuriyet \u0130lkokulu\u2019nda ger\u00e7ekle\u015ftirildi.<br \/>\n<br \/>E\u011fitim kapsam\u0131nda, \u00f6\u011frencilerin ya\u015f ve seviyelerine uygun olarak oyunlar oynat\u0131ld\u0131, sunumlar yap\u0131ld\u0131 ve animasyon filmler izletildi. Bu \u00e7al\u0131\u015fmalarla \u00f6\u011frencilerin vergi bilinci geli\u015ftirilerek verginin \u00f6nemi konusunda fark\u0131ndal\u0131k kazanmalar\u0131 sa\u011fland\u0131. Programda, toplanan vergilerin e\u011fitim, sa\u011fl\u0131k, g\u00fcvenlik ve ula\u015f\u0131m gibi kamu hizmetlerinin s\u00fcrd\u00fcr\u00fclebilirli\u011finde hayati bir rol oynad\u0131\u011f\u0131 vurguland\u0131.<br \/>\n<br \/>Etkinlik s\u00fcresince salonda yer alan &#8220;Sen de Vergi Kahraman\u0131 Ol&#8221; anafikirli afi\u015f, \u00f6\u011frencilerden b\u00fcy\u00fck ilgi g\u00f6rd\u00fc. Vergi bilincinin toplum genelinde yayg\u0131nla\u015ft\u0131r\u0131lmas\u0131 amac\u0131yla, ortaokul ve liselerde de benzer e\u011fitim faaliyetlerinin devam edece\u011fi belirtildi.<br \/><\/p>\n","protected":false},"excerpt":{"rendered":"<p>Vergi bilincinin art\u0131r\u0131lmas\u0131 amac\u0131yla d\u00fczenlenen Vergi Bilinci E\u011fitim Program\u0131, Denizli Defterdarl\u0131\u011f\u0131 Buldan Vergi Dairesi M\u00fcd\u00fcrl\u00fc\u011f\u00fc personeli taraf\u0131ndan Buldan G\u00fcng\u00f6r Cerit Cumhuriyet \u0130lkokulu\u2019nda ger\u00e7ekle\u015ftirildi. E\u011fitim kapsam\u0131nda, \u00f6\u011frencilerin ya\u015f ve seviyelerine uygun olarak oyunlar oynat\u0131ld\u0131, sunumlar yap\u0131ld\u0131 ve animasyon filmler izletildi. Bu \u00e7al\u0131\u015fmalarla \u00f6\u011frencilerin vergi bilinci geli\u015ftirilerek verginin \u00f6nemi konusunda fark\u0131ndal\u0131k kazanmalar\u0131 sa\u011fland\u0131. Programda, toplanan vergilerin e\u011fitim,&#8230;<\/p>\n","protected":false},"author":1,"featured_media":75860,"comment_status":"open","ping_status":"open","sticky":false,"template":"","format":"standard","meta":{"_crdt_document":"","footnotes":""},"categories":[1],"tags":[],"class_list":["post-75859","post","type-post","status-publish","format-standard","has-post-thumbnail","hentry","category-guncel"],"_links":{"self":[{"href":"https:\/\/www.egemtv.com\/index.php?rest_route=\/wp\/v2\/posts\/75859","targetHints":{"allow":["GET"]}}],"collection":[{"href":"https:\/\/www.egemtv.com\/index.php?rest_route=\/wp\/v2\/posts"}],"about":[{"href":"https:\/\/www.egemtv.com\/index.php?rest_route=\/wp\/v2\/types\/post"}],"author":[{"embeddable":true,"href":"https:\/\/www.egemtv.com\/index.php?rest_route=\/wp\/v2\/users\/1"}],"replies":[{"embeddable":true,"href":"https:\/\/www.egemtv.com\/index.php?rest_route=%2Fwp%2Fv2%2Fcomments&post=75859"}],"version-history":[{"count":1,"href":"https:\/\/www.egemtv.com\/index.php?rest_route=\/wp\/v2\/posts\/75859\/revisions"}],"predecessor-version":[{"id":75861,"href":"https:\/\/www.egemtv.com\/index.php?rest_route=\/wp\/v2\/posts\/75859\/revisions\/75861"}],"wp:featuredmedia":[{"embeddable":true,"href":"https:\/\/www.egemtv.com\/index.php?rest_route=\/wp\/v2\/media\/75860"}],"wp:attachment":[{"href":"https:\/\/www.egemtv.com\/index.php?rest_route=%2Fwp%2Fv2%2Fmedia&parent=75859"}],"wp:term":[{"taxonomy":"category","embeddable":true,"href":"https:\/\/www.egemtv.com\/index.php?rest_route=%2Fwp%2Fv2%2Fcategories&post=75859"},{"taxonomy":"post_tag","embeddable":true,"href":"https:\/\/www.egemtv.com\/index.php?rest_route=%2Fwp%2Fv2%2Ftags&post=75859"}],"curies":[{"name":"wp","href":"https:\/\/api.w.org\/{rel}","templated":true}]}}