{"id":75856,"date":"2025-12-22T15:14:42","date_gmt":"2025-12-22T12:14:42","guid":{"rendered":"https:\/\/www.egemtv.com\/?p=75856"},"modified":"2025-12-22T15:14:42","modified_gmt":"2025-12-22T12:14:42","slug":"adude-temel-yapay-zeka-egitimi-tamamlandi","status":"publish","type":"post","link":"https:\/\/www.egemtv.com\/?p=75856","title":{"rendered":"AD\u00dc\u2019de \u2019Temel Yapay Zeka E\u011fitimi\u2019 tamamland\u0131"},"content":{"rendered":"<p>Ayd\u0131n Adnan Menderes \u00dcniversitesi\u2019nde (AD\u00dc) Ar-Ge ve Kalite Topluluklar\u0131 i\u015f birli\u011fiyle d\u00fczenlenen \u2019Temel Yapay Zeka ve Etkili \u0130stem Yaz\u0131m\u0131\u2019 e\u011fitimi, iki g\u00fcn s\u00fcren yo\u011fun kat\u0131l\u0131mla tamamland\u0131.<\/p>\n<p>Ayd\u0131n Adnan Menderes \u00dcniversitesi (AD\u00dc) Ar-Ge Toplulu\u011fu ile Kalite Toplulu\u011fu i\u015f birli\u011finde organize edilen \u2019Temel Yapay Zeka ve Etkili \u0130stem (Prompt) Yaz\u0131m\u0131\u2019 e\u011fitim program\u0131 Atat\u00fcrk Kongre Merkezi\u2019nde ger\u00e7ekle\u015ftirildi. \u00dcniversitenin Dijital D\u00f6n\u00fc\u015f\u00fcm Koordinat\u00f6r\u00fc \u00d6\u011fr. G\u00f6r. \u00dcmit Bulut taraf\u0131ndan verilen e\u011fitimlerde, yapay zekan\u0131n temel \u00e7al\u0131\u015fma prensipleri ve algoritmik yap\u0131s\u0131 kapsaml\u0131 \u015fekilde ele al\u0131nd\u0131. Program kapsam\u0131nda farkl\u0131 yapay zeka model t\u00fcrleri tan\u0131t\u0131l\u0131rken, bu modellerin e\u011fitim-\u00f6\u011fretim ve ara\u015ft\u0131rma s\u00fcre\u00e7lerinde etkin kullan\u0131m alanlar\u0131na y\u00f6nelik bilgiler payla\u015f\u0131ld\u0131. E\u011fitim s\u00fcrecinde kat\u0131l\u0131mc\u0131lara dijital verimlili\u011fi art\u0131rmaya y\u00f6nelik etkili istem (prompt) yaz\u0131m\u0131 teknikleri uygulamal\u0131 \u00f6rneklerle aktar\u0131ld\u0131. Ayr\u0131ca yapay zeka ara\u00e7lar\u0131n\u0131n akademik ve profesyonel ya\u015famda \u00e7\u0131kt\u0131 odakl\u0131 ve stratejik kullan\u0131m\u0131na ili\u015fkin y\u00f6ntemler, \u00f6rnek senaryolar \u00fczerinden de\u011ferlendirildi.<\/p>\n<p>Program\u0131n koordinasyonunu y\u00fcr\u00fcten Ar-Ge ve Kalite Topluluklar\u0131 Dan\u0131\u015fman\u0131 Dr. \u00d6\u011fr. \u00dcyesi Kemalettin A\u011f\u0131zan, \u00fcniversite \u00f6\u011frencilerinin teknolojik yetkinliklerinin geli\u015ftirilmesinin stratejik \u00f6nemine dikkat \u00e7ekerek, disiplinler aras\u0131 i\u015f birli\u011fi anlay\u0131\u015f\u0131yla gelece\u011fin teknolojilerine uyum sa\u011flaman\u0131n \u00f6ncelikli hedefler aras\u0131nda yer ald\u0131\u011f\u0131n\u0131 ifade etti.<\/p>\n<p>\u0130ki g\u00fcn boyunca yo\u011fun kat\u0131l\u0131mla ger\u00e7ekle\u015ftirilen e\u011fitim program\u0131, soru-cevap b\u00f6l\u00fcm\u00fcn\u00fcn ard\u0131ndan sona erdi. Program\u0131n, kat\u0131l\u0131mc\u0131lar\u0131n yapay zeka teknolojilerine y\u00f6nelik teknik fark\u0131ndal\u0131klar\u0131n\u0131n art\u0131r\u0131lmas\u0131na \u00f6nemli katk\u0131 sundu\u011fu belirtildi.<br \/><\/p>\n","protected":false},"excerpt":{"rendered":"<p>Ayd\u0131n Adnan Menderes \u00dcniversitesi\u2019nde (AD\u00dc) Ar-Ge ve Kalite Topluluklar\u0131 i\u015f birli\u011fiyle d\u00fczenlenen \u2019Temel Yapay Zeka ve Etkili \u0130stem Yaz\u0131m\u0131\u2019 e\u011fitimi, iki g\u00fcn s\u00fcren yo\u011fun kat\u0131l\u0131mla tamamland\u0131. Ayd\u0131n Adnan Menderes \u00dcniversitesi (AD\u00dc) Ar-Ge Toplulu\u011fu ile Kalite Toplulu\u011fu i\u015f birli\u011finde organize edilen \u2019Temel Yapay Zeka ve Etkili \u0130stem (Prompt) Yaz\u0131m\u0131\u2019 e\u011fitim program\u0131 Atat\u00fcrk Kongre Merkezi\u2019nde ger\u00e7ekle\u015ftirildi. \u00dcniversitenin&#8230;<\/p>\n","protected":false},"author":1,"featured_media":75857,"comment_status":"open","ping_status":"open","sticky":false,"template":"","format":"standard","meta":{"_crdt_document":"","footnotes":""},"categories":[124],"tags":[],"class_list":["post-75856","post","type-post","status-publish","format-standard","has-post-thumbnail","hentry","category-bilim"],"_links":{"self":[{"href":"https:\/\/www.egemtv.com\/index.php?rest_route=\/wp\/v2\/posts\/75856","targetHints":{"allow":["GET"]}}],"collection":[{"href":"https:\/\/www.egemtv.com\/index.php?rest_route=\/wp\/v2\/posts"}],"about":[{"href":"https:\/\/www.egemtv.com\/index.php?rest_route=\/wp\/v2\/types\/post"}],"author":[{"embeddable":true,"href":"https:\/\/www.egemtv.com\/index.php?rest_route=\/wp\/v2\/users\/1"}],"replies":[{"embeddable":true,"href":"https:\/\/www.egemtv.com\/index.php?rest_route=%2Fwp%2Fv2%2Fcomments&post=75856"}],"version-history":[{"count":1,"href":"https:\/\/www.egemtv.com\/index.php?rest_route=\/wp\/v2\/posts\/75856\/revisions"}],"predecessor-version":[{"id":75858,"href":"https:\/\/www.egemtv.com\/index.php?rest_route=\/wp\/v2\/posts\/75856\/revisions\/75858"}],"wp:featuredmedia":[{"embeddable":true,"href":"https:\/\/www.egemtv.com\/index.php?rest_route=\/wp\/v2\/media\/75857"}],"wp:attachment":[{"href":"https:\/\/www.egemtv.com\/index.php?rest_route=%2Fwp%2Fv2%2Fmedia&parent=75856"}],"wp:term":[{"taxonomy":"category","embeddable":true,"href":"https:\/\/www.egemtv.com\/index.php?rest_route=%2Fwp%2Fv2%2Fcategories&post=75856"},{"taxonomy":"post_tag","embeddable":true,"href":"https:\/\/www.egemtv.com\/index.php?rest_route=%2Fwp%2Fv2%2Ftags&post=75856"}],"curies":[{"name":"wp","href":"https:\/\/api.w.org\/{rel}","templated":true}]}}