{"id":75853,"date":"2025-12-22T14:55:05","date_gmt":"2025-12-22T11:55:05","guid":{"rendered":"https:\/\/www.egemtv.com\/?p=75853"},"modified":"2025-12-22T14:55:06","modified_gmt":"2025-12-22T11:55:06","slug":"havalar-sogudu-buyuksehir-sicak-corba-dagitimina-basladi","status":"publish","type":"post","link":"https:\/\/www.egemtv.com\/?p=75853","title":{"rendered":"Havalar so\u011fudu, B\u00fcy\u00fck\u015fehir s\u0131cak \u00e7orba da\u011f\u0131t\u0131m\u0131na ba\u015flad\u0131"},"content":{"rendered":"<p>Ayd\u0131n\u2019da havalar\u0131n so\u011fumas\u0131yla birlikte Ayd\u0131n B\u00fcy\u00fck\u015fehir Belediyesi ekipleri, s\u0131cak \u00e7orba ikram\u0131na ba\u015flad\u0131.<br \/>\n<br \/>Ayd\u0131n B\u00fcy\u00fck\u015fehir Belediyesi, sosyal belediyecilik uygulamalar\u0131n\u0131 kent genelinde aral\u0131ks\u0131z s\u00fcrd\u00fcr\u00fcyor. Ayd\u0131n B\u00fcy\u00fck\u015fehir Belediye Ba\u015fkan\u0131 \u00d6zlem \u00c7er\u00e7io\u011flu\u2019nun vizyonuyla hayata ge\u00e7irilen \u00e7al\u0131\u015fmalar kapsam\u0131nda, k\u0131\u015f mevsiminin gelmesiyle birlikte vatanda\u015flar ve pazar esnaf\u0131 i\u00e7in s\u0131cak \u00e7orba ikram\u0131 ba\u015flad\u0131. Ayd\u0131n\u2019\u0131n t\u00fcm il\u00e7elerinde kurulan pazar alanlar\u0131nda ger\u00e7ekle\u015ftirilen s\u0131cak \u00e7orba ikram\u0131, so\u011fuk havalarda vatanda\u015flar\u0131n ve esnaf\u0131n i\u00e7ini \u0131s\u0131t\u0131yor. 7\u2019den 70\u2019e t\u00fcm vatanda\u015flara ula\u015ft\u0131r\u0131lan ikram, pazar esnaf\u0131 ve vatanda\u015flar taraf\u0131ndan memnuniyetle kar\u015f\u0131lan\u0131yor. Her y\u0131l d\u00fczenli olarak ger\u00e7ekle\u015ftirilen uygulaman\u0131n bu y\u0131l da devam etmesinden duyduklar\u0131 memnuniyeti dile getiren vatanda\u015flar, Ayd\u0131n B\u00fcy\u00fck\u015fehir Belediye Ba\u015fkan\u0131 \u00d6zlem \u00c7er\u00e7io\u011flu\u2019na te\u015fekk\u00fcr etti.<br \/><\/p>\n","protected":false},"excerpt":{"rendered":"<p>Ayd\u0131n\u2019da havalar\u0131n so\u011fumas\u0131yla birlikte Ayd\u0131n B\u00fcy\u00fck\u015fehir Belediyesi ekipleri, s\u0131cak \u00e7orba ikram\u0131na ba\u015flad\u0131. Ayd\u0131n B\u00fcy\u00fck\u015fehir Belediyesi, sosyal belediyecilik uygulamalar\u0131n\u0131 kent genelinde aral\u0131ks\u0131z s\u00fcrd\u00fcr\u00fcyor. Ayd\u0131n B\u00fcy\u00fck\u015fehir Belediye Ba\u015fkan\u0131 \u00d6zlem \u00c7er\u00e7io\u011flu\u2019nun vizyonuyla hayata ge\u00e7irilen \u00e7al\u0131\u015fmalar kapsam\u0131nda, k\u0131\u015f mevsiminin gelmesiyle birlikte vatanda\u015flar ve pazar esnaf\u0131 i\u00e7in s\u0131cak \u00e7orba ikram\u0131 ba\u015flad\u0131. Ayd\u0131n\u2019\u0131n t\u00fcm il\u00e7elerinde kurulan pazar alanlar\u0131nda ger\u00e7ekle\u015ftirilen s\u0131cak \u00e7orba&#8230;<\/p>\n","protected":false},"author":1,"featured_media":75854,"comment_status":"open","ping_status":"open","sticky":false,"template":"","format":"standard","meta":{"_crdt_document":"","footnotes":""},"categories":[1],"tags":[],"class_list":["post-75853","post","type-post","status-publish","format-standard","has-post-thumbnail","hentry","category-guncel"],"_links":{"self":[{"href":"https:\/\/www.egemtv.com\/index.php?rest_route=\/wp\/v2\/posts\/75853","targetHints":{"allow":["GET"]}}],"collection":[{"href":"https:\/\/www.egemtv.com\/index.php?rest_route=\/wp\/v2\/posts"}],"about":[{"href":"https:\/\/www.egemtv.com\/index.php?rest_route=\/wp\/v2\/types\/post"}],"author":[{"embeddable":true,"href":"https:\/\/www.egemtv.com\/index.php?rest_route=\/wp\/v2\/users\/1"}],"replies":[{"embeddable":true,"href":"https:\/\/www.egemtv.com\/index.php?rest_route=%2Fwp%2Fv2%2Fcomments&post=75853"}],"version-history":[{"count":1,"href":"https:\/\/www.egemtv.com\/index.php?rest_route=\/wp\/v2\/posts\/75853\/revisions"}],"predecessor-version":[{"id":75855,"href":"https:\/\/www.egemtv.com\/index.php?rest_route=\/wp\/v2\/posts\/75853\/revisions\/75855"}],"wp:featuredmedia":[{"embeddable":true,"href":"https:\/\/www.egemtv.com\/index.php?rest_route=\/wp\/v2\/media\/75854"}],"wp:attachment":[{"href":"https:\/\/www.egemtv.com\/index.php?rest_route=%2Fwp%2Fv2%2Fmedia&parent=75853"}],"wp:term":[{"taxonomy":"category","embeddable":true,"href":"https:\/\/www.egemtv.com\/index.php?rest_route=%2Fwp%2Fv2%2Fcategories&post=75853"},{"taxonomy":"post_tag","embeddable":true,"href":"https:\/\/www.egemtv.com\/index.php?rest_route=%2Fwp%2Fv2%2Ftags&post=75853"}],"curies":[{"name":"wp","href":"https:\/\/api.w.org\/{rel}","templated":true}]}}