{"id":75850,"date":"2025-12-22T14:55:04","date_gmt":"2025-12-22T11:55:04","guid":{"rendered":"https:\/\/www.egemtv.com\/?p=75850"},"modified":"2025-12-22T14:55:05","modified_gmt":"2025-12-22T11:55:05","slug":"hisarcikta-saglikli-ailede-roller-ve-iliskiler-baslikli-konferans","status":"publish","type":"post","link":"https:\/\/www.egemtv.com\/?p=75850","title":{"rendered":"Hisarc\u0131k\u2019ta &#8220;Sa\u011fl\u0131kl\u0131 Ailede Roller ve \u0130li\u015fkiler&#8221; ba\u015fl\u0131kl\u0131 konferans"},"content":{"rendered":"<p>K\u00fctahya\u2019n\u0131n Hisarc\u0131k il\u00e7esinde, 2025 Aile Y\u0131l\u0131 kapsam\u0131nda &#8220;Sa\u011fl\u0131kl\u0131 Ailede Roller ve \u0130li\u015fkiler&#8221; ba\u015fl\u0131kl\u0131 konferans ger\u00e7ekle\u015ftirildi.<br \/>\n<br \/>Aile i\u00e7i ileti\u015fimin g\u00fc\u00e7lendirilmesi, sa\u011fl\u0131kl\u0131 aile yap\u0131s\u0131n\u0131n korunmas\u0131, aile bireylerinin rol ve sorumluluklar\u0131n\u0131n fark edilmesi ile \u00e7at\u0131\u015fma ve kriz durumlar\u0131nda sa\u011fl\u0131kl\u0131 \u00e7\u00f6z\u00fcm yollar\u0131 geli\u015ftirilmesi amac\u0131yla d\u00fczenlenen konferans, Hisarc\u0131k Anadolu \u0130mam Hatip Lisesi Konferans Salonu\u2019nda yap\u0131ld\u0131.<br \/>\n<br \/>Programa konu\u015fmac\u0131 olarak kat\u0131lan Psikoloji Uzman\u0131 ve Aile Dan\u0131\u015fman\u0131 Fahr\u00fcnnisa Erdem, aile i\u00e7inde bireylerin kendileri i\u00e7in yapt\u0131klar\u0131 her olumlu davran\u0131\u015f\u0131n asl\u0131nda \u00e7ocuklar\u0131 i\u00e7in de yap\u0131ld\u0131\u011f\u0131n\u0131 vurgulad\u0131.<br \/>\n<br \/>Erdem konu\u015fmas\u0131nda, aile sistemi, aile i\u00e7i roller ve ili\u015fkiler, sa\u011fl\u0131kl\u0131 ve sa\u011fl\u0131ks\u0131z ailelerin \u00f6zellikleri ile sevgi dolu bir birlikteli\u011fin nas\u0131l s\u00fcrd\u00fcr\u00fclebilece\u011fi konular\u0131nda kat\u0131l\u0131mc\u0131lara \u00f6nemli bilgiler aktard\u0131.<br \/>\n<br \/>Konferansa \u0130l\u00e7e Milli E\u011fitim M\u00fcd\u00fcr\u00fc Hasan Kilitci, \u015eube M\u00fcd\u00fcr\u00fc Caner Tevfik Tekin, okul m\u00fcd\u00fcrleri ve \u00e7ok say\u0131da aile kat\u0131l\u0131m sa\u011flad\u0131.<br \/><\/p>\n","protected":false},"excerpt":{"rendered":"<p>K\u00fctahya\u2019n\u0131n Hisarc\u0131k il\u00e7esinde, 2025 Aile Y\u0131l\u0131 kapsam\u0131nda &#8220;Sa\u011fl\u0131kl\u0131 Ailede Roller ve \u0130li\u015fkiler&#8221; ba\u015fl\u0131kl\u0131 konferans ger\u00e7ekle\u015ftirildi. Aile i\u00e7i ileti\u015fimin g\u00fc\u00e7lendirilmesi, sa\u011fl\u0131kl\u0131 aile yap\u0131s\u0131n\u0131n korunmas\u0131, aile bireylerinin rol ve sorumluluklar\u0131n\u0131n fark edilmesi ile \u00e7at\u0131\u015fma ve kriz durumlar\u0131nda sa\u011fl\u0131kl\u0131 \u00e7\u00f6z\u00fcm yollar\u0131 geli\u015ftirilmesi amac\u0131yla d\u00fczenlenen konferans, Hisarc\u0131k Anadolu \u0130mam Hatip Lisesi Konferans Salonu\u2019nda yap\u0131ld\u0131. Programa konu\u015fmac\u0131 olarak kat\u0131lan Psikoloji&#8230;<\/p>\n","protected":false},"author":1,"featured_media":75851,"comment_status":"open","ping_status":"open","sticky":false,"template":"","format":"standard","meta":{"_crdt_document":"","footnotes":""},"categories":[1],"tags":[],"class_list":["post-75850","post","type-post","status-publish","format-standard","has-post-thumbnail","hentry","category-guncel"],"_links":{"self":[{"href":"https:\/\/www.egemtv.com\/index.php?rest_route=\/wp\/v2\/posts\/75850","targetHints":{"allow":["GET"]}}],"collection":[{"href":"https:\/\/www.egemtv.com\/index.php?rest_route=\/wp\/v2\/posts"}],"about":[{"href":"https:\/\/www.egemtv.com\/index.php?rest_route=\/wp\/v2\/types\/post"}],"author":[{"embeddable":true,"href":"https:\/\/www.egemtv.com\/index.php?rest_route=\/wp\/v2\/users\/1"}],"replies":[{"embeddable":true,"href":"https:\/\/www.egemtv.com\/index.php?rest_route=%2Fwp%2Fv2%2Fcomments&post=75850"}],"version-history":[{"count":1,"href":"https:\/\/www.egemtv.com\/index.php?rest_route=\/wp\/v2\/posts\/75850\/revisions"}],"predecessor-version":[{"id":75852,"href":"https:\/\/www.egemtv.com\/index.php?rest_route=\/wp\/v2\/posts\/75850\/revisions\/75852"}],"wp:featuredmedia":[{"embeddable":true,"href":"https:\/\/www.egemtv.com\/index.php?rest_route=\/wp\/v2\/media\/75851"}],"wp:attachment":[{"href":"https:\/\/www.egemtv.com\/index.php?rest_route=%2Fwp%2Fv2%2Fmedia&parent=75850"}],"wp:term":[{"taxonomy":"category","embeddable":true,"href":"https:\/\/www.egemtv.com\/index.php?rest_route=%2Fwp%2Fv2%2Fcategories&post=75850"},{"taxonomy":"post_tag","embeddable":true,"href":"https:\/\/www.egemtv.com\/index.php?rest_route=%2Fwp%2Fv2%2Ftags&post=75850"}],"curies":[{"name":"wp","href":"https:\/\/api.w.org\/{rel}","templated":true}]}}