{"id":75847,"date":"2025-12-22T14:35:41","date_gmt":"2025-12-22T11:35:41","guid":{"rendered":"https:\/\/www.egemtv.com\/?p=75847"},"modified":"2025-12-22T14:35:42","modified_gmt":"2025-12-22T11:35:42","slug":"milasta-bozuk-yollar-hayati-olumsuz-etkiliyor","status":"publish","type":"post","link":"https:\/\/www.egemtv.com\/?p=75847","title":{"rendered":"Milas\u2019ta bozuk yollar hayat\u0131 olumsuz etkiliyor"},"content":{"rendered":"<p>Mu\u011fla\u2019n\u0131n Milas il\u00e7esinde her ge\u00e7en artan trafik \u00e7ilesine zaman zamanda \u00e7e\u015fitli kurumlar\u0131n yollarda olu\u015fturdu\u011fu tahribat da eklenince trafik sorunu \u00e7ekilmez boyutlara ula\u015f\u0131yor.<br \/>\n<br \/>\u0130l\u00e7eye ba\u011fl\u0131 Ayd\u0131nl\u0131kevler Mahallesi\u2019nde altyap\u0131 i\u00e7in \u00e7ukurlar\u0131 haftalard\u0131r kapat\u0131lmay\u0131nca hayat\u0131 olumsuz etkilemeye ba\u015flad\u0131. Zaman zaman ara\u00e7lar\u0131n da zarar g\u00f6rd\u00fc\u011f\u00fc \u00e7ukurlar\u0131n ciddi s\u0131k\u0131nt\u0131ya neden oldu\u011funu belirten vatanda\u015flar a\u00e7\u0131k b\u0131rak\u0131lan \u00e7ukurlar\u0131n ve bozulan yollar\u0131n bir an \u00f6nce onar\u0131lmas\u0131n\u0131 istediler.<br \/>\n<br \/>Sabah saatlerinde Erdal Sokak \u00fczerinde seyir halinde olan 42 CFG 37 plakal\u0131 bir ara\u00e7 onar\u0131lmadan b\u0131rak\u0131lan \u00e7ukura d\u00fc\u015ft\u00fc. Kaza sonucu hareket kabiliyetini kaybeden ara\u00e7 \u00e7ek\u00e7i yard\u0131m\u0131 ile yoldan kald\u0131r\u0131l\u0131rken, vatanda\u015flar kaz\u0131ld\u0131ktan sonra onar\u0131lmayan yollar nedeniyle s\u00fcrekli ara\u00e7lar\u0131n zarar g\u00f6rd\u00fc\u011f\u00fcn\u00fc belirterek ya\u015fad\u0131klar\u0131 duruma tepki g\u00f6sterdiler.<br \/><\/p>\n","protected":false},"excerpt":{"rendered":"<p>Mu\u011fla\u2019n\u0131n Milas il\u00e7esinde her ge\u00e7en artan trafik \u00e7ilesine zaman zamanda \u00e7e\u015fitli kurumlar\u0131n yollarda olu\u015fturdu\u011fu tahribat da eklenince trafik sorunu \u00e7ekilmez boyutlara ula\u015f\u0131yor. \u0130l\u00e7eye ba\u011fl\u0131 Ayd\u0131nl\u0131kevler Mahallesi\u2019nde altyap\u0131 i\u00e7in \u00e7ukurlar\u0131 haftalard\u0131r kapat\u0131lmay\u0131nca hayat\u0131 olumsuz etkilemeye ba\u015flad\u0131. Zaman zaman ara\u00e7lar\u0131n da zarar g\u00f6rd\u00fc\u011f\u00fc \u00e7ukurlar\u0131n ciddi s\u0131k\u0131nt\u0131ya neden oldu\u011funu belirten vatanda\u015flar a\u00e7\u0131k b\u0131rak\u0131lan \u00e7ukurlar\u0131n ve bozulan yollar\u0131n bir&#8230;<\/p>\n","protected":false},"author":1,"featured_media":75848,"comment_status":"open","ping_status":"open","sticky":false,"template":"","format":"standard","meta":{"_crdt_document":"","footnotes":""},"categories":[1],"tags":[],"class_list":["post-75847","post","type-post","status-publish","format-standard","has-post-thumbnail","hentry","category-guncel"],"_links":{"self":[{"href":"https:\/\/www.egemtv.com\/index.php?rest_route=\/wp\/v2\/posts\/75847","targetHints":{"allow":["GET"]}}],"collection":[{"href":"https:\/\/www.egemtv.com\/index.php?rest_route=\/wp\/v2\/posts"}],"about":[{"href":"https:\/\/www.egemtv.com\/index.php?rest_route=\/wp\/v2\/types\/post"}],"author":[{"embeddable":true,"href":"https:\/\/www.egemtv.com\/index.php?rest_route=\/wp\/v2\/users\/1"}],"replies":[{"embeddable":true,"href":"https:\/\/www.egemtv.com\/index.php?rest_route=%2Fwp%2Fv2%2Fcomments&post=75847"}],"version-history":[{"count":1,"href":"https:\/\/www.egemtv.com\/index.php?rest_route=\/wp\/v2\/posts\/75847\/revisions"}],"predecessor-version":[{"id":75849,"href":"https:\/\/www.egemtv.com\/index.php?rest_route=\/wp\/v2\/posts\/75847\/revisions\/75849"}],"wp:featuredmedia":[{"embeddable":true,"href":"https:\/\/www.egemtv.com\/index.php?rest_route=\/wp\/v2\/media\/75848"}],"wp:attachment":[{"href":"https:\/\/www.egemtv.com\/index.php?rest_route=%2Fwp%2Fv2%2Fmedia&parent=75847"}],"wp:term":[{"taxonomy":"category","embeddable":true,"href":"https:\/\/www.egemtv.com\/index.php?rest_route=%2Fwp%2Fv2%2Fcategories&post=75847"},{"taxonomy":"post_tag","embeddable":true,"href":"https:\/\/www.egemtv.com\/index.php?rest_route=%2Fwp%2Fv2%2Ftags&post=75847"}],"curies":[{"name":"wp","href":"https:\/\/api.w.org\/{rel}","templated":true}]}}