{"id":75844,"date":"2025-12-22T14:14:53","date_gmt":"2025-12-22T11:14:53","guid":{"rendered":"https:\/\/www.egemtv.com\/?p=75844"},"modified":"2025-12-22T14:14:54","modified_gmt":"2025-12-22T11:14:54","slug":"yunusemrede-kirsal-kalkinma-ve-kooperatifcilik-masaya-yatirildi","status":"publish","type":"post","link":"https:\/\/www.egemtv.com\/?p=75844","title":{"rendered":"Yunusemre\u2019de k\u0131rsal kalk\u0131nma ve kooperatif\u00e7ilik masaya yat\u0131r\u0131ld\u0131"},"content":{"rendered":"<p>Yunusemre Belediyesi ile Yunusemre Kent Konseyi taraf\u0131ndan d\u00fczenlenen \u2019K\u0131rsal Kalk\u0131nma ve Kooperatif\u00e7ilik \u00c7al\u0131\u015ftay\u0131\u2019nda, k\u0131rsal alanlar\u0131n g\u00fc\u00e7lendirilmesi, yerel \u00fcretimin desteklenmesi ve kooperatif\u00e7ili\u011fin s\u00fcrd\u00fcr\u00fclebilirli\u011fi ele al\u0131nd\u0131.<br \/>\n<br \/>K\u0131rsal kalk\u0131nman\u0131n g\u00fc\u00e7lendirilmesi ve kooperatif\u00e7ilik anlay\u0131\u015f\u0131n\u0131n s\u00fcrd\u00fcr\u00fclebilir bir zeminde ele al\u0131nmas\u0131 amac\u0131yla Yunusemre Belediyesi ile Yunusemre Kent Konseyi i\u015f birli\u011finde \u2019K\u0131rsal Kalk\u0131nma ve Kooperatif\u00e7ilik \u00c7al\u0131\u015ftay\u0131\u2019 d\u00fczenlendi.<br \/>\n<br \/>Yunusemre Belediyesi Muradiye Sosyal Tesisleri\u2019nde ger\u00e7ekle\u015ftirilen \u00e7al\u0131\u015ftaya; Yunusemre Belediye Ba\u015fkan\u0131 Semih Balaban, Belediye Ba\u015fkan Yard\u0131mc\u0131s\u0131 Mehmet Mesut Do\u011fan, Manisa B\u00fcy\u00fck\u015fehir Belediyesi K\u0131rsal Hizmetler Daire Ba\u015fkan\u0131 Y\u0131lmaz Usta, CHP Yunusemre \u0130l\u00e7e Ba\u015fkan\u0131 Yal\u00e7\u0131n Arcak, MAYEB Y\u00f6netim Kurulu Ba\u015fkan Yard\u0131mc\u0131s\u0131 Cengiz Balkan, Yunusemre Kent Konseyi Ba\u015fkan\u0131 Bekta\u015f K\u0131l\u0131n\u00e7, belediye meclis \u00fcyeleri, konu\u015fmac\u0131lar ve \u00e7ok say\u0131da \u00fcretici kat\u0131ld\u0131.<br \/>\n<br \/>Mustafa Pala\u2019n\u0131n sunumlar\u0131n\u0131 yapt\u0131\u011f\u0131 \u00e7al\u0131\u015ftayda belgesel g\u00f6sterimi ger\u00e7ekle\u015ftirilirken, &#8220;Yeniden S\u00fcrd\u00fcr\u00fclebilir Kooperatif\u00e7ilik&#8221; ba\u015fl\u0131kl\u0131 panelle program devam etti. \u00c7al\u0131\u015ftayda; k\u0131rsal alanlarda s\u00fcrd\u00fcr\u00fclebilir kalk\u0131nman\u0131n sa\u011flanmas\u0131, yerel \u00fcretimin desteklenmesi ve kooperatif\u00e7ili\u011fin g\u00fc\u00e7lendirilmesine y\u00f6nelik g\u00f6r\u00fc\u015f ve \u00f6neriler payla\u015f\u0131ld\u0131.<\/p>\n<p>Zeyrek ve Durbay an\u0131ld\u0131<br \/>\n<br \/>\u00c7al\u0131\u015ftayda konu\u015fan Yunusemre Belediye Ba\u015fkan\u0131 Semih Balaban, k\u0131rsal kalk\u0131nmay\u0131 temel alan bir bak\u0131\u015f a\u00e7\u0131s\u0131na sahip olduklar\u0131n\u0131 vurgulad\u0131. Balaban, g\u00f6reve geldikten sonra Yuntda\u011f\u0131 b\u00f6lgesindeki 37 k\u00f6y\u00fcn k\u0131rsal mahalle stat\u00fcs\u00fcne d\u00f6n\u00fc\u015ft\u00fcr\u00fcld\u00fc\u011f\u00fcn\u00fc hat\u0131rlatarak, kooperatif \u00e7al\u0131\u015fmalar\u0131n\u0131n \u00f6n\u00fcn\u00fcn a\u00e7\u0131ld\u0131\u011f\u0131n\u0131 ve belediye imkanlar\u0131 do\u011frultusunda desteklerin s\u00fcrece\u011fini ifade etti.<br \/>\n<br \/>Konu\u015fmas\u0131nda hayat\u0131n\u0131 kaybeden Manisa B\u00fcy\u00fck\u015fehir Belediye Ba\u015fkan\u0131 Ferdi Zeyrek ile \u015eehzadeler Belediye Ba\u015fkan\u0131 G\u00fcl\u015fah Durbay\u2019\u0131 da anan Balaban, &#8220;Ferdi Ba\u015fkan\u0131m\u0131z\u0131 alt\u0131 ay \u00f6nce, G\u00fcl\u015fah Ba\u015fkan\u0131m\u0131z\u0131 ise k\u0131sa bir s\u00fcre \u00f6nce kaybettik. Ac\u0131lar\u0131 hala y\u00fcre\u011fimizde. Her ikisini de sayg\u0131 ve sevgiyle an\u0131yoruz&#8221; dedi.<br \/>\n<br \/>\u00c7al\u0131\u015ftay, kat\u0131l\u0131mc\u0131lar\u0131n de\u011ferlendirmeleri ve kar\u015f\u0131l\u0131kl\u0131 g\u00f6r\u00fc\u015f al\u0131\u015fveri\u015finin ard\u0131ndan sona erdi.<br \/><\/p>\n","protected":false},"excerpt":{"rendered":"<p>Yunusemre Belediyesi ile Yunusemre Kent Konseyi taraf\u0131ndan d\u00fczenlenen \u2019K\u0131rsal Kalk\u0131nma ve Kooperatif\u00e7ilik \u00c7al\u0131\u015ftay\u0131\u2019nda, k\u0131rsal alanlar\u0131n g\u00fc\u00e7lendirilmesi, yerel \u00fcretimin desteklenmesi ve kooperatif\u00e7ili\u011fin s\u00fcrd\u00fcr\u00fclebilirli\u011fi ele al\u0131nd\u0131. K\u0131rsal kalk\u0131nman\u0131n g\u00fc\u00e7lendirilmesi ve kooperatif\u00e7ilik anlay\u0131\u015f\u0131n\u0131n s\u00fcrd\u00fcr\u00fclebilir bir zeminde ele al\u0131nmas\u0131 amac\u0131yla Yunusemre Belediyesi ile Yunusemre Kent Konseyi i\u015f birli\u011finde \u2019K\u0131rsal Kalk\u0131nma ve Kooperatif\u00e7ilik \u00c7al\u0131\u015ftay\u0131\u2019 d\u00fczenlendi. Yunusemre Belediyesi Muradiye Sosyal Tesisleri\u2019nde&#8230;<\/p>\n","protected":false},"author":1,"featured_media":75845,"comment_status":"open","ping_status":"open","sticky":false,"template":"","format":"standard","meta":{"_crdt_document":"","footnotes":""},"categories":[125],"tags":[],"class_list":["post-75844","post","type-post","status-publish","format-standard","has-post-thumbnail","hentry","category-ekonomi"],"_links":{"self":[{"href":"https:\/\/www.egemtv.com\/index.php?rest_route=\/wp\/v2\/posts\/75844","targetHints":{"allow":["GET"]}}],"collection":[{"href":"https:\/\/www.egemtv.com\/index.php?rest_route=\/wp\/v2\/posts"}],"about":[{"href":"https:\/\/www.egemtv.com\/index.php?rest_route=\/wp\/v2\/types\/post"}],"author":[{"embeddable":true,"href":"https:\/\/www.egemtv.com\/index.php?rest_route=\/wp\/v2\/users\/1"}],"replies":[{"embeddable":true,"href":"https:\/\/www.egemtv.com\/index.php?rest_route=%2Fwp%2Fv2%2Fcomments&post=75844"}],"version-history":[{"count":1,"href":"https:\/\/www.egemtv.com\/index.php?rest_route=\/wp\/v2\/posts\/75844\/revisions"}],"predecessor-version":[{"id":75846,"href":"https:\/\/www.egemtv.com\/index.php?rest_route=\/wp\/v2\/posts\/75844\/revisions\/75846"}],"wp:featuredmedia":[{"embeddable":true,"href":"https:\/\/www.egemtv.com\/index.php?rest_route=\/wp\/v2\/media\/75845"}],"wp:attachment":[{"href":"https:\/\/www.egemtv.com\/index.php?rest_route=%2Fwp%2Fv2%2Fmedia&parent=75844"}],"wp:term":[{"taxonomy":"category","embeddable":true,"href":"https:\/\/www.egemtv.com\/index.php?rest_route=%2Fwp%2Fv2%2Fcategories&post=75844"},{"taxonomy":"post_tag","embeddable":true,"href":"https:\/\/www.egemtv.com\/index.php?rest_route=%2Fwp%2Fv2%2Ftags&post=75844"}],"curies":[{"name":"wp","href":"https:\/\/api.w.org\/{rel}","templated":true}]}}