{"id":75841,"date":"2025-12-22T14:14:52","date_gmt":"2025-12-22T11:14:52","guid":{"rendered":"https:\/\/www.egemtv.com\/?p=75841"},"modified":"2025-12-22T14:14:53","modified_gmt":"2025-12-22T11:14:53","slug":"bakan-yumakli-burdura-son-23-yilda-48-milyar-liralik-destek-verdik-ve-yatirim-yaptik","status":"publish","type":"post","link":"https:\/\/www.egemtv.com\/?p=75841","title":{"rendered":"Bakan Yumakl\u0131: &#8220;Burdur\u2019a son 23 y\u0131lda 48 milyar liral\u0131k destek verdik ve yat\u0131r\u0131m yapt\u0131k&#8221;"},"content":{"rendered":"<p>Tar\u0131m ve Orman Bakan\u0131 \u0130brahim Yumakl\u0131, &#8220;Burdur da, \u00fclkemiz tar\u0131m\u0131na verdi\u011fi katk\u0131 a\u00e7\u0131s\u0131ndan, bizim i\u00e7in son derece k\u0131ymetli. Bunun i\u00e7in, \u015fehrimize son 23 y\u0131lda 48 milyar liral\u0131k destek verdik ve yat\u0131r\u0131m yapt\u0131k. Su ve sulama alan\u0131nda tam 218 tesisi hizmete ald\u0131k&#8221; dedi.<br \/>\n<br \/>Tar\u0131m ve Orman Bakan\u0131 \u0130brahim Yumakl\u0131, Burdur temaslar\u0131 kappsam\u0131nda 6. Uluslararas\u0131 Mehmet Akif Ersoy Bilim ve Sanat \u00d6d\u00fclleri T\u00f6renine kat\u0131ld\u0131. Burada konu\u015fan Bakan Yumakl\u0131, &#8220;\u0130stiklal Mar\u015f\u0131m\u0131z\u0131n m\u00fcellifi Mehmet Akif, milletimizin dini ve milli hislerine en g\u00fc\u00e7l\u00fc \u015fekilde terc\u00fcman olmu\u015f, b\u00fcy\u00fck \u015fairimizdir. \u0130stiklal Mar\u015f\u0131 i\u00e7in verilen para \u00f6d\u00fcl\u00fcn\u00fc kabul etmeyecek kadar da onurlu ve m\u00fcstesna bir karakter sahibi oldu\u011funu, gayet tabii hepimiz biliyoruz. \u0130stiklal Mar\u015f\u0131, bir \u2018milli mutabakat metni\u2019 olarak milletimize in\u015fallah ebediyen k\u0131lavuzluk edecektir. Burdur\u2019dan Birinci Meclis\u2019te ilk d\u00f6nem milletvekili olan \u015fairimizi, millet\u00e7e daima rahmetle ve sayg\u0131yla anmay\u0131 s\u00fcrd\u00fcrece\u011fiz&#8221; ifadelerini kulland\u0131.<\/p>\n<p>&#8220;Burdur\u2019a son 23 y\u0131lda 48 milyar liral\u0131k destek verdik ve yat\u0131r\u0131m yapt\u0131k&#8221;<br \/>\n<br \/>Burdur G\u00f6l\u00fc Eylem Plan\u0131n\u0131 a\u00e7\u0131klad\u0131klar\u0131n\u0131 belirten Bakan Yumakl\u0131, &#8220;Burdur G\u00f6l\u00fc, sadece Burdur ve Isparta i\u00e7in de\u011fil, \u00fclkemiz su kaynaklar\u0131 ve tabiat varl\u0131\u011f\u0131n\u0131 koruma a\u00e7\u0131s\u0131ndan da \u00e7ok \u00f6nemli. Burdur da, \u00fclkemiz tar\u0131m\u0131na verdi\u011fi katk\u0131 a\u00e7\u0131s\u0131ndan, bizim i\u00e7in son derece k\u0131ymetli. Bunun i\u00e7in, \u015fehrimize son 23 y\u0131lda 48 milyar liral\u0131k destek verdik ve yat\u0131r\u0131m yapt\u0131k. Su ve sulama alan\u0131nda tam 218 tesisi hizmete ald\u0131k. Bu y\u0131l i\u00e7inde ise; Burdur merkez il\u00e7esine hizmet verecek A\u015fa\u011f\u0131m\u00fcsl\u00fcmler D\u00fc\u011fer Sulamas\u0131 ile Ye\u015filova\u2019ya hizmet verecek G\u00f6k\u00e7eyaka 1. ve 2. K\u0131s\u0131m YAS Sulama \u015eebekesini tamamlad\u0131k. Hay\u0131rl\u0131, u\u011furlu olsun. Hizmete ald\u0131\u011f\u0131m\u0131z b\u00fct\u00fcn bu tesislerle yakla\u015f\u0131k 400 bin dekar araziyi sulamaya a\u00e7t\u0131k. Zirai gelire 3,1 milyar liral\u0131k katk\u0131 sa\u011flad\u0131k&#8221; dedi.<\/p>\n<p>K\u0131rsal alan destekleri<br \/>\n<br \/>K\u0131rsal kalk\u0131nma destekleri ve ORK\u00d6Y kapsam\u0131nda hibe ve kredi vererek, yakla\u015f\u0131k 5 bin 781 projeyi desteklediklerini hat\u0131rlatan Bakan Yumakl\u0131, &#8220;Malumunuz, \u015feker pancar \u00fcretiminin kentimizde ayr\u0131 bir yer var. Burdur \u015eeker Fabrikam\u0131z son 23 y\u0131lda T\u00fcrk\u015feker\u2019e ait fabrikalar i\u00e7inde, en fazla yat\u0131r\u0131m yap\u0131lan fabrikalar\u0131m\u0131zdan biri oldu. \u00d6n\u00fcm\u00fczdeki s\u00fcre\u00e7te daha fazla pancar \u00fcretimi i\u00e7in yat\u0131r\u0131mlar\u0131m\u0131za devam edece\u011fiz. Bakanl\u0131k olarak verdi\u011fimiz destekler ve \u00fcreticilerimizin gayretleriyle, bitkisel \u00fcretim miktar\u0131m\u0131z\u0131 iki kat art\u0131rd\u0131k. \u00d6te yandan Burdur, rezene ve ki\u015fni\u015f \u00fcretiminde 1., \u00e7\u00f6rekotu ve g\u00fcl \u00fcretiminde 2., Ada\u00e7ay\u0131, i\u011fde ve lavanta \u00fcretiminde 3. s\u0131raya y\u00fckseldi. Yine, b\u00fcy\u00fckba\u015f hayvan varl\u0131\u011f\u0131m\u0131z y\u00fczde 81, k\u00fc\u00e7\u00fckba\u015f varl\u0131\u011f\u0131m\u0131z y\u00fczde 58 artt\u0131. Yap\u0131lan bu \u00e7al\u0131\u015fmalar ile Burdur\u2019un tar\u0131msal has\u0131las\u0131n\u0131 38 kat art\u0131\u015fla yakla\u015f\u0131k 14,4 milyar liraya \u00e7\u0131kard\u0131k&#8221; diye konu\u015ftu.<\/p>\n<p>158 milyon fidan toprakla bulu\u015ftu<br \/>\n<br \/>Son 23 y\u0131lda yakla\u015f\u0131k 158 milyon fidan\u0131 toprakla bulu\u015fturduklar\u0131 Burdur i\u00e7in \u00e7al\u0131\u015fmalar\u0131n\u0131 s\u00fcrd\u00fcreceklerini kaydeden Bakan Yumakl\u0131, \u015f\u00f6yle devam etti:<br \/>\n<br \/>&#8220;\u0130l merkezi ve Bucak il\u00e7e merkezinin i\u00e7me suyu sorununu \u00e7\u00f6zecek projelerin haz\u0131rl\u0131klar\u0131na ba\u015flad\u0131k. TKDK -IPARD \u00e7a\u011fr\u0131lar\u0131 kapsam\u0131nda; et, s\u00fct, meyve sebze, su \u00fcr\u00fcnleri, yumurta i\u015flemeye; s\u00fct toplama merkezlerine, peynir alt\u0131 suyunun i\u015flenmesine, so\u011fuk hava depolar\u0131na y\u00f6nelik g\u0131da i\u015fleme alan\u0131ndaki yat\u0131r\u0131mlara destek verece\u011fiz. Ba\u015fvurular\u0131 30 Aral\u0131k\u2019tan itibaren almaya ba\u015fl\u0131yoruz. 2026 y\u0131l\u0131nda ise; hayvanc\u0131l\u0131k, g\u0131da i\u015fleme ve ekonomik faaliyetlerinin \u00e7e\u015fitlendirilmesi tedbirlerinde destek verilecek alanlarla ilgili \u00e7a\u011fr\u0131 takvimini 2026 y\u0131l\u0131 Mart ay\u0131nda yay\u0131mlayaca\u011f\u0131z. Burdur\u2019dan bu \u00e7a\u011fr\u0131ya kat\u0131l\u0131m\u0131n yo\u011fun olmas\u0131n\u0131 bekliyoruz. B\u00fct\u00fcn bu m\u00fcjdelerimizin hay\u0131rl\u0131 ve u\u011furlu olmas\u0131n\u0131 diliyorum. \u0130nan\u0131yorum ki yapt\u0131\u011f\u0131m\u0131z \u00e7al\u0131\u015fmalarla; Burdur\u2019un tar\u0131m ve orman sekt\u00f6r\u00fc daha ileriye ta\u015f\u0131nacak. Hep birlikte el ele vererek, dayan\u0131\u015fma i\u00e7inde \u00e7al\u0131\u015farak, tar\u0131msal \u00fcretimimizi daha verimli ve daha s\u00fcrd\u00fcr\u00fclebilir bir sekt\u00f6re d\u00f6n\u00fc\u015ft\u00fcrmek i\u00e7in \u00e7al\u0131\u015fmalar\u0131m\u0131za devam edece\u011fiz.&#8221;<br \/>\n<br \/>Program \u00f6d\u00fcl takdimiyle son buldu.<br \/><\/p>\n","protected":false},"excerpt":{"rendered":"<p>Tar\u0131m ve Orman Bakan\u0131 \u0130brahim Yumakl\u0131, &#8220;Burdur da, \u00fclkemiz tar\u0131m\u0131na verdi\u011fi katk\u0131 a\u00e7\u0131s\u0131ndan, bizim i\u00e7in son derece k\u0131ymetli. Bunun i\u00e7in, \u015fehrimize son 23 y\u0131lda 48 milyar liral\u0131k destek verdik ve yat\u0131r\u0131m yapt\u0131k. Su ve sulama alan\u0131nda tam 218 tesisi hizmete ald\u0131k&#8221; dedi. Tar\u0131m ve Orman Bakan\u0131 \u0130brahim Yumakl\u0131, Burdur temaslar\u0131 kappsam\u0131nda 6. Uluslararas\u0131 Mehmet Akif&#8230;<\/p>\n","protected":false},"author":1,"featured_media":75842,"comment_status":"open","ping_status":"open","sticky":false,"template":"","format":"standard","meta":{"_crdt_document":"","footnotes":""},"categories":[127],"tags":[],"class_list":["post-75841","post","type-post","status-publish","format-standard","has-post-thumbnail","hentry","category-siyaset"],"_links":{"self":[{"href":"https:\/\/www.egemtv.com\/index.php?rest_route=\/wp\/v2\/posts\/75841","targetHints":{"allow":["GET"]}}],"collection":[{"href":"https:\/\/www.egemtv.com\/index.php?rest_route=\/wp\/v2\/posts"}],"about":[{"href":"https:\/\/www.egemtv.com\/index.php?rest_route=\/wp\/v2\/types\/post"}],"author":[{"embeddable":true,"href":"https:\/\/www.egemtv.com\/index.php?rest_route=\/wp\/v2\/users\/1"}],"replies":[{"embeddable":true,"href":"https:\/\/www.egemtv.com\/index.php?rest_route=%2Fwp%2Fv2%2Fcomments&post=75841"}],"version-history":[{"count":1,"href":"https:\/\/www.egemtv.com\/index.php?rest_route=\/wp\/v2\/posts\/75841\/revisions"}],"predecessor-version":[{"id":75843,"href":"https:\/\/www.egemtv.com\/index.php?rest_route=\/wp\/v2\/posts\/75841\/revisions\/75843"}],"wp:featuredmedia":[{"embeddable":true,"href":"https:\/\/www.egemtv.com\/index.php?rest_route=\/wp\/v2\/media\/75842"}],"wp:attachment":[{"href":"https:\/\/www.egemtv.com\/index.php?rest_route=%2Fwp%2Fv2%2Fmedia&parent=75841"}],"wp:term":[{"taxonomy":"category","embeddable":true,"href":"https:\/\/www.egemtv.com\/index.php?rest_route=%2Fwp%2Fv2%2Fcategories&post=75841"},{"taxonomy":"post_tag","embeddable":true,"href":"https:\/\/www.egemtv.com\/index.php?rest_route=%2Fwp%2Fv2%2Ftags&post=75841"}],"curies":[{"name":"wp","href":"https:\/\/api.w.org\/{rel}","templated":true}]}}