{"id":75838,"date":"2025-12-22T13:54:51","date_gmt":"2025-12-22T10:54:51","guid":{"rendered":"https:\/\/www.egemtv.com\/?p=75838"},"modified":"2025-12-22T13:54:52","modified_gmt":"2025-12-22T10:54:52","slug":"aydinda-jandarma-ekipleri-bir-haftada-182-olayi-aydinlatti","status":"publish","type":"post","link":"https:\/\/www.egemtv.com\/?p=75838","title":{"rendered":"Ayd\u0131n\u2019da jandarma ekipleri bir haftada 182 olay\u0131 ayd\u0131nlatt\u0131"},"content":{"rendered":"<p>Ayd\u0131n \u0130l Jandarma Komutanl\u0131\u011f\u0131 taraf\u0131ndan son bir haftada il genelinde ger\u00e7ekle\u015ftirilen denetim ve kontrollerde asayi\u015f ve ka\u00e7ak\u00e7\u0131l\u0131kla m\u00fccadelede \u00f6nemli \u00e7al\u0131\u015fmalar ger\u00e7ekle\u015ftirilirken, 182 asayi\u015f olay\u0131 ayd\u0131nlat\u0131ld\u0131.<\/p>\n<p>Ayd\u0131n \u0130l Jandarma Komutanl\u0131\u011f\u0131 2 bin 819 personel ile vatanda\u015flar\u0131n huzur ve g\u00fcvenli\u011fi i\u00e7in \u00e7al\u0131\u015fmalar\u0131n\u0131 aral\u0131ks\u0131z s\u00fcrd\u00fcr\u00fcyor. Edinilen bilgiye g\u00f6re, jandarma ekiplerinin kent genelindeki 7 bin 338 kilometrekarelik sorumluluk b\u00f6lgesinde 15-21 Aral\u0131k 2025 tarihleri aras\u0131nda y\u00fcr\u00fct\u00fclen \u00e7al\u0131\u015fmalarda 183 asayi\u015f olay\u0131 meydana gelirken, bu olaylar\u0131n 182\u2019si ayd\u0131nlat\u0131ld\u0131. Olaylara kar\u0131\u015ft\u0131\u011f\u0131 tespit edilen 110 \u015f\u00fcpheli hakk\u0131nda i\u015flem yap\u0131ld\u0131, 1 ki\u015fi ise tutukland\u0131. Ka\u00e7ak\u00e7\u0131l\u0131kla m\u00fccadele kapsam\u0131nda ger\u00e7ekle\u015ftirilen \u00e7al\u0131\u015fmalarda ise 7 olay tespit edildi. Bu olaylarla ba\u011flant\u0131l\u0131 olarak 11 \u015f\u00fcpheli hakk\u0131nda i\u015flem yap\u0131l\u0131rken, tutuklanan \u015fah\u0131s olmad\u0131\u011f\u0131 \u00f6\u011frenildi.<br \/><\/p>\n","protected":false},"excerpt":{"rendered":"<p>Ayd\u0131n \u0130l Jandarma Komutanl\u0131\u011f\u0131 taraf\u0131ndan son bir haftada il genelinde ger\u00e7ekle\u015ftirilen denetim ve kontrollerde asayi\u015f ve ka\u00e7ak\u00e7\u0131l\u0131kla m\u00fccadelede \u00f6nemli \u00e7al\u0131\u015fmalar ger\u00e7ekle\u015ftirilirken, 182 asayi\u015f olay\u0131 ayd\u0131nlat\u0131ld\u0131. Ayd\u0131n \u0130l Jandarma Komutanl\u0131\u011f\u0131 2 bin 819 personel ile vatanda\u015flar\u0131n huzur ve g\u00fcvenli\u011fi i\u00e7in \u00e7al\u0131\u015fmalar\u0131n\u0131 aral\u0131ks\u0131z s\u00fcrd\u00fcr\u00fcyor. Edinilen bilgiye g\u00f6re, jandarma ekiplerinin kent genelindeki 7 bin 338 kilometrekarelik sorumluluk b\u00f6lgesinde&#8230;<\/p>\n","protected":false},"author":1,"featured_media":75839,"comment_status":"open","ping_status":"open","sticky":false,"template":"","format":"standard","meta":{"_crdt_document":"","footnotes":""},"categories":[5],"tags":[],"class_list":["post-75838","post","type-post","status-publish","format-standard","has-post-thumbnail","hentry","category-asayis"],"_links":{"self":[{"href":"https:\/\/www.egemtv.com\/index.php?rest_route=\/wp\/v2\/posts\/75838","targetHints":{"allow":["GET"]}}],"collection":[{"href":"https:\/\/www.egemtv.com\/index.php?rest_route=\/wp\/v2\/posts"}],"about":[{"href":"https:\/\/www.egemtv.com\/index.php?rest_route=\/wp\/v2\/types\/post"}],"author":[{"embeddable":true,"href":"https:\/\/www.egemtv.com\/index.php?rest_route=\/wp\/v2\/users\/1"}],"replies":[{"embeddable":true,"href":"https:\/\/www.egemtv.com\/index.php?rest_route=%2Fwp%2Fv2%2Fcomments&post=75838"}],"version-history":[{"count":1,"href":"https:\/\/www.egemtv.com\/index.php?rest_route=\/wp\/v2\/posts\/75838\/revisions"}],"predecessor-version":[{"id":75840,"href":"https:\/\/www.egemtv.com\/index.php?rest_route=\/wp\/v2\/posts\/75838\/revisions\/75840"}],"wp:featuredmedia":[{"embeddable":true,"href":"https:\/\/www.egemtv.com\/index.php?rest_route=\/wp\/v2\/media\/75839"}],"wp:attachment":[{"href":"https:\/\/www.egemtv.com\/index.php?rest_route=%2Fwp%2Fv2%2Fmedia&parent=75838"}],"wp:term":[{"taxonomy":"category","embeddable":true,"href":"https:\/\/www.egemtv.com\/index.php?rest_route=%2Fwp%2Fv2%2Fcategories&post=75838"},{"taxonomy":"post_tag","embeddable":true,"href":"https:\/\/www.egemtv.com\/index.php?rest_route=%2Fwp%2Fv2%2Ftags&post=75838"}],"curies":[{"name":"wp","href":"https:\/\/api.w.org\/{rel}","templated":true}]}}