{"id":75835,"date":"2025-12-22T13:54:50","date_gmt":"2025-12-22T10:54:50","guid":{"rendered":"https:\/\/www.egemtv.com\/?p=75835"},"modified":"2025-12-22T13:54:51","modified_gmt":"2025-12-22T10:54:51","slug":"guneye-ucan-pelikan-surusu-sasirtti","status":"publish","type":"post","link":"https:\/\/www.egemtv.com\/?p=75835","title":{"rendered":"G\u00fcneye u\u00e7an pelikan s\u00fcr\u00fcs\u00fc \u015fa\u015f\u0131rtt\u0131"},"content":{"rendered":"<p>Afyonkarahisar\u2019\u0131n Bolvadin il\u00e7esinde g\u00fcneye u\u00e7arken g\u00f6r\u00fcnt\u00fclenen pelikan s\u00fcr\u00fcs\u00fc \u015fa\u015f\u0131rtt\u0131.<br \/>\n<br \/>Bolvadin k\u0131rsal\u0131nda dron ile g\u00f6r\u00fcnt\u00fc \u00e7eken gezgin ve do\u011fa foto\u011fraf\u00e7\u0131s\u0131 Ali \u00c7etinkaya, bir g\u00f6\u00e7men ku\u015f s\u00fcr\u00fcs\u00fc fark etti.<br \/>\n<br \/>Ku\u015flar\u0131n pelikan oldu\u011funu fark eden \u00c7etinkaya o anlar\u0131 kay\u0131t alt\u0131na ald\u0131. G\u00f6r\u00fcnt\u00fclerde bir s\u00fcre g\u00f6ky\u00fcz\u00fcnde s\u00fcz\u00fclen pelikanlar daha sonra g\u00f6zden kayboldu.<br \/>\n<br \/>G\u00f6r\u00fcnt\u00fcleri &#8220;U\u00e7ar Gezer&#8221; adl\u0131 sosyal medya hesab\u0131ndan payla\u015fan \u00c7etinkaya, Eber G\u00f6l\u00fc yak\u0131nlar\u0131nda bu mevsimde pelikan s\u00fcr\u00fcs\u00fcn\u00fcn k\u00fcresel \u0131s\u0131nman\u0131n, iklim de\u011fi\u015fikli\u011finin do\u011faya etkisinin en belirgin \u00f6rne\u011fi oldu\u011funu belirterek, &#8220;Ya ge\u00e7 kald\u0131lar ya da s\u00fcr\u00fcden koparak bir s\u00fcre dinlenip beslenip yollar\u0131na devam ettiler. Bu kadar kal\u0131p \u015fimdi u\u00e7uyorlarsa ciddi so\u011fuklar da geliyor olabilir&#8221; ifadelerine yer verdi.<br \/>\n<br \/>Pelikanlar eyl\u00fcl ay\u0131 gibi Avrupa ve T\u00fcrkiye\u2019den daha s\u0131cak olan Afrika\u2019ya ba\u015flatt\u0131klar\u0131 g\u00f6\u00e7 yolculu\u011funu sonbahar bitiminde tamaml\u0131yor.<\/p>\n<p>Muhtemel T\u00fcrkiye\u2019de k\u0131\u015flayan ku\u015flar<br \/>\n<br \/>G\u00f6r\u00fcnt\u00fcleri yorumlayan ve de\u011ferlendirmede bulunan \u00fcnl\u00fc do\u011fa foto\u011fraf\u00e7\u0131s\u0131 ve ku\u015f g\u00f6zlemcisi Alper T\u00fcyde\u015f, Ak pelikanlar\u0131 k\u0131\u015f aylar\u0131nda g\u00f6rmenin zor oldu\u011funu, bu g\u00f6r\u00fcnt\u00fclenen pelikanlar\u0131n k\u0131\u015f\u0131 T\u00fcrkiye\u2019de ge\u00e7irecek olanlar oldu\u011funu s\u00f6yledi.<br \/>\n<br \/>T\u00fcyde\u015f, &#8220;\u00dclkemizdeki Ak pelikanlar baharla birlikte g\u00f6r\u00fclmeye ba\u015flan\u0131yor. Afrika k\u0131tas\u0131ndan yola \u00e7\u0131kan yakla\u015f\u0131k 50 bin Ak pelikan Romanya\u2019daki Tuna deltas\u0131na gidiyorlar. Bu yolculuklar\u0131 s\u0131ras\u0131nda yakla\u015f\u0131k kanat a\u00e7\u0131kl\u0131\u011f\u0131 3 metreyi bulan 7-8 kilo a\u011f\u0131rl\u0131\u011f\u0131ndaki bu ku\u015flar\u0131n ge\u00e7i\u015fleri adeta bir g\u00f6rsel \u015f\u00f6len havas\u0131nda oluyor. Bu ku\u015flar\u0131n \u00fclkemizde de \u00fcreme kay\u0131tlar\u0131 mevcut. K\u0131\u015f\u0131n az g\u00f6r\u00fclseler de bazen Tepeli pelikanlarla birlikte Ak pelikanlarda k\u0131\u015flayabiliyor. bu d\u00f6nemde al\u0131nan kay\u0131tlarda muhtemel \u00fclkemizde k\u0131\u015flayan bireylerdir. Onlarda baharda Afrika k\u0131tas\u0131ndan yola \u00e7\u0131kacak olan b\u00fcy\u00fck Ak pelikan gruplar\u0131yla beraber Romanya\u2019daki Tuna deltas\u0131na gidip orada \u00fcreme yap\u0131p sonbaharda yolculuklar\u0131n\u0131 g\u00fcneye do\u011fru s\u00fcrd\u00fcrecekler&#8221; dedi.<br \/><\/p>\n","protected":false},"excerpt":{"rendered":"<p>Afyonkarahisar\u2019\u0131n Bolvadin il\u00e7esinde g\u00fcneye u\u00e7arken g\u00f6r\u00fcnt\u00fclenen pelikan s\u00fcr\u00fcs\u00fc \u015fa\u015f\u0131rtt\u0131. Bolvadin k\u0131rsal\u0131nda dron ile g\u00f6r\u00fcnt\u00fc \u00e7eken gezgin ve do\u011fa foto\u011fraf\u00e7\u0131s\u0131 Ali \u00c7etinkaya, bir g\u00f6\u00e7men ku\u015f s\u00fcr\u00fcs\u00fc fark etti. Ku\u015flar\u0131n pelikan oldu\u011funu fark eden \u00c7etinkaya o anlar\u0131 kay\u0131t alt\u0131na ald\u0131. G\u00f6r\u00fcnt\u00fclerde bir s\u00fcre g\u00f6ky\u00fcz\u00fcnde s\u00fcz\u00fclen pelikanlar daha sonra g\u00f6zden kayboldu. G\u00f6r\u00fcnt\u00fcleri &#8220;U\u00e7ar Gezer&#8221; adl\u0131 sosyal medya hesab\u0131ndan&#8230;<\/p>\n","protected":false},"author":1,"featured_media":75836,"comment_status":"open","ping_status":"open","sticky":false,"template":"","format":"standard","meta":{"_crdt_document":"","footnotes":""},"categories":[1],"tags":[],"class_list":["post-75835","post","type-post","status-publish","format-standard","has-post-thumbnail","hentry","category-guncel"],"_links":{"self":[{"href":"https:\/\/www.egemtv.com\/index.php?rest_route=\/wp\/v2\/posts\/75835","targetHints":{"allow":["GET"]}}],"collection":[{"href":"https:\/\/www.egemtv.com\/index.php?rest_route=\/wp\/v2\/posts"}],"about":[{"href":"https:\/\/www.egemtv.com\/index.php?rest_route=\/wp\/v2\/types\/post"}],"author":[{"embeddable":true,"href":"https:\/\/www.egemtv.com\/index.php?rest_route=\/wp\/v2\/users\/1"}],"replies":[{"embeddable":true,"href":"https:\/\/www.egemtv.com\/index.php?rest_route=%2Fwp%2Fv2%2Fcomments&post=75835"}],"version-history":[{"count":1,"href":"https:\/\/www.egemtv.com\/index.php?rest_route=\/wp\/v2\/posts\/75835\/revisions"}],"predecessor-version":[{"id":75837,"href":"https:\/\/www.egemtv.com\/index.php?rest_route=\/wp\/v2\/posts\/75835\/revisions\/75837"}],"wp:featuredmedia":[{"embeddable":true,"href":"https:\/\/www.egemtv.com\/index.php?rest_route=\/wp\/v2\/media\/75836"}],"wp:attachment":[{"href":"https:\/\/www.egemtv.com\/index.php?rest_route=%2Fwp%2Fv2%2Fmedia&parent=75835"}],"wp:term":[{"taxonomy":"category","embeddable":true,"href":"https:\/\/www.egemtv.com\/index.php?rest_route=%2Fwp%2Fv2%2Fcategories&post=75835"},{"taxonomy":"post_tag","embeddable":true,"href":"https:\/\/www.egemtv.com\/index.php?rest_route=%2Fwp%2Fv2%2Ftags&post=75835"}],"curies":[{"name":"wp","href":"https:\/\/api.w.org\/{rel}","templated":true}]}}