{"id":75829,"date":"2025-12-22T13:54:49","date_gmt":"2025-12-22T10:54:49","guid":{"rendered":"https:\/\/www.egemtv.com\/?p=75829"},"modified":"2025-12-22T13:54:49","modified_gmt":"2025-12-22T10:54:49","slug":"kendini-ifade-etmekte-zorlanan-genc-sair-duygularini-kitaplastirdi","status":"publish","type":"post","link":"https:\/\/www.egemtv.com\/?p=75829","title":{"rendered":"Kendini ifade etmekte zorlanan gen\u00e7 \u015fair duygular\u0131n\u0131 kitapla\u015ft\u0131rd\u0131"},"content":{"rendered":"<p>8. Isparta Kitap Fuar\u0131\u2019nda gen\u00e7 yazarlar da yerini ald\u0131. Yazar Eyl\u00fcl Ertu\u011frul ve Yunus Emre K\u0131l\u0131\u00e7\u2019\u0131n yazd\u0131\u011f\u0131 kitaplar da sergilendi. Gen\u00e7 yazarlar kitaplar\u0131n\u0131 anlat\u0131rken heyecanlar\u0131 da y\u00fczlerine yans\u0131d\u0131.<br \/>\n<br \/>Bir\u00e7ok yay\u0131nevi ve onlarca yazar\u0131n yer ald\u0131\u011f\u0131  8. Isparta Kitap Fuar\u0131 kitapseverleri a\u011f\u0131rlamaya devam ediyor. Fuarda gen\u00e7 yazarlar da yerini ald\u0131. Yazar Eyl\u00fcl Ertu\u011frul, okuma azmini yazma sanat\u0131yla birle\u015ftirdi. Okumaktan ve di\u011fer yazarlardan ilham alan Yazar Ertu\u011frul, gen\u00e7 ya\u015f\u0131na ra\u011fmen \u00e7\u0131kard\u0131\u011f\u0131 Artemis isimli kitab\u0131yla okuman\u0131n ve yazman\u0131n ya\u015f\u0131n\u0131n olmad\u0131\u011f\u0131n\u0131 bir kez daha g\u00f6sterdi.<\/p>\n<p>15 ya\u015f\u0131ndaki Ispartal\u0131 yazar ilk kitab\u0131n\u0131 okurlarla bulu\u015fturdu<br \/>\n<br \/>Yazar Eyl\u00fcl Ertu\u011frul, okuman\u0131n ve di\u011fer yazarlar\u0131n kendisine ilham verdi\u011fini belirterek, &#8220;Isparta G\u00fczel Sanatlar Lisesi\u2019nde okuyorum. \u0130lk kitab\u0131m\u0131 bu y\u0131l \u00e7\u0131kard\u0131m. 15 ya\u015f\u0131nda Ispartal\u0131 bir yazar olmaktan son derece mutluluk duyuyorum. 6. s\u0131n\u0131ftan bu yana yazarl\u0131k yap\u0131yorum. Kitap okumay\u0131 sevdi\u011fim i\u00e7in yazarl\u0131k yapmaya da ba\u015flad\u0131m. Beni kitap yazmaya te\u015fvik eden \u015fey, yazarlar\u0131n okuyucular\u0131yla bulu\u015fuyor olmas\u0131. Kendime yeni bir d\u00fcnya kurmak \u00e7ok ho\u015fuma gidiyor. Yazarken \u00e7ok zevk al\u0131yorum. Artemis isimli kitab\u0131m\u0131 da bu sayede yazd\u0131m&#8221; dedi.<\/p>\n<p>Kendini ifade etmekte zorlanan gen\u00e7 \u015fair duygular\u0131n\u0131 kitapla\u015ft\u0131rd\u0131<br \/>\n<br \/>Gen\u00e7 yazarlardan Yunus Emre K\u0131l\u0131\u00e7 da 8. Isparta Kitap Fuar\u0131\u2019nda yazd\u0131\u011f\u0131 \u015fiir kitab\u0131n\u0131 sergiliyor. Kendisini ifade etmekte zorland\u0131\u011f\u0131 i\u00e7in \u015fiirler yazd\u0131\u011f\u0131n\u0131 belirten Yazar K\u0131l\u0131\u00e7, bu nedenle \u015fiirlerini kitap haline getirdi\u011fini s\u00f6yledi. Yazar K\u0131l\u0131\u00e7, &#8220;\u00d6nceleri kendimi ifade etmekte zorlan\u0131yordum. Kimseye kendimi ifade edemiyordum. Bir tane \u015fiir yazarak ba\u015flad\u0131m ve devam\u0131 geldi. \u00d6\u011fretmenim sayesinde de hayal d\u00fcnyam\u0131 geli\u015ftirerek \u015fiirler yazmaya ba\u015flad\u0131m ve kitap haline getirdim. \u015eiir yazmaya ve kitap haline getirmeye devam edece\u011fim. Kitab\u0131mda y\u00fcz\u00fcn \u00fczerinde \u015fiir var. Bundan sonra yazaca\u011f\u0131m kitaplarda kendimi daha \u00e7ok ifade edece\u011fime inan\u0131yorum&#8221; diye konu\u015ftu.<br \/><\/p>\n","protected":false},"excerpt":{"rendered":"<p>8. Isparta Kitap Fuar\u0131\u2019nda gen\u00e7 yazarlar da yerini ald\u0131. Yazar Eyl\u00fcl Ertu\u011frul ve Yunus Emre K\u0131l\u0131\u00e7\u2019\u0131n yazd\u0131\u011f\u0131 kitaplar da sergilendi. Gen\u00e7 yazarlar kitaplar\u0131n\u0131 anlat\u0131rken heyecanlar\u0131 da y\u00fczlerine yans\u0131d\u0131. Bir\u00e7ok yay\u0131nevi ve onlarca yazar\u0131n yer ald\u0131\u011f\u0131 8. Isparta Kitap Fuar\u0131 kitapseverleri a\u011f\u0131rlamaya devam ediyor. Fuarda gen\u00e7 yazarlar da yerini ald\u0131. Yazar Eyl\u00fcl Ertu\u011frul, okuma azmini yazma&#8230;<\/p>\n","protected":false},"author":1,"featured_media":75830,"comment_status":"open","ping_status":"open","sticky":false,"template":"","format":"standard","meta":{"_crdt_document":"","footnotes":""},"categories":[1],"tags":[],"class_list":["post-75829","post","type-post","status-publish","format-standard","has-post-thumbnail","hentry","category-guncel"],"_links":{"self":[{"href":"https:\/\/www.egemtv.com\/index.php?rest_route=\/wp\/v2\/posts\/75829","targetHints":{"allow":["GET"]}}],"collection":[{"href":"https:\/\/www.egemtv.com\/index.php?rest_route=\/wp\/v2\/posts"}],"about":[{"href":"https:\/\/www.egemtv.com\/index.php?rest_route=\/wp\/v2\/types\/post"}],"author":[{"embeddable":true,"href":"https:\/\/www.egemtv.com\/index.php?rest_route=\/wp\/v2\/users\/1"}],"replies":[{"embeddable":true,"href":"https:\/\/www.egemtv.com\/index.php?rest_route=%2Fwp%2Fv2%2Fcomments&post=75829"}],"version-history":[{"count":1,"href":"https:\/\/www.egemtv.com\/index.php?rest_route=\/wp\/v2\/posts\/75829\/revisions"}],"predecessor-version":[{"id":75831,"href":"https:\/\/www.egemtv.com\/index.php?rest_route=\/wp\/v2\/posts\/75829\/revisions\/75831"}],"wp:featuredmedia":[{"embeddable":true,"href":"https:\/\/www.egemtv.com\/index.php?rest_route=\/wp\/v2\/media\/75830"}],"wp:attachment":[{"href":"https:\/\/www.egemtv.com\/index.php?rest_route=%2Fwp%2Fv2%2Fmedia&parent=75829"}],"wp:term":[{"taxonomy":"category","embeddable":true,"href":"https:\/\/www.egemtv.com\/index.php?rest_route=%2Fwp%2Fv2%2Fcategories&post=75829"},{"taxonomy":"post_tag","embeddable":true,"href":"https:\/\/www.egemtv.com\/index.php?rest_route=%2Fwp%2Fv2%2Ftags&post=75829"}],"curies":[{"name":"wp","href":"https:\/\/api.w.org\/{rel}","templated":true}]}}