{"id":75823,"date":"2025-12-22T13:34:59","date_gmt":"2025-12-22T10:34:59","guid":{"rendered":"https:\/\/www.egemtv.com\/?p=75823"},"modified":"2025-12-22T13:34:59","modified_gmt":"2025-12-22T10:34:59","slug":"siyah-kusak-sinavinda-afyonkarahisarli-sporculardan-onemli-basari","status":"publish","type":"post","link":"https:\/\/www.egemtv.com\/?p=75823","title":{"rendered":"Siyah ku\u015fak s\u0131nav\u0131nda Afyonkarahisarl\u0131 sporculardan \u00f6nemli ba\u015far\u0131"},"content":{"rendered":"<p>T\u00fcrkiye Tekvando Federasyonu\u2019nun 2025 y\u0131l\u0131 faaliyet program\u0131 \u00e7er\u00e7evesinde K\u00fctahya\u2019da d\u00fczenlenen siyah ku\u015fak s\u0131nav\u0131nda Afyonkarahisarl\u0131 sporcular \u00f6nemli bir ba\u015far\u0131ya imza att\u0131.<br \/>\n<br \/>Erkmen Belediyespor Kul\u00fcb\u00fc ile Yeni Aktif Ya\u015fam Spor Kul\u00fcb\u00fc sporcular\u0131, s\u0131nav\u0131 ba\u015far\u0131yla tamamlayarak siyah ku\u015fak almaya hak kazand\u0131. Zorlu etaplardan olu\u015fan s\u0131navda \u00fcst\u00fcn performans sergileyen sporcular, disiplinli \u00e7al\u0131\u015fman\u0131n ve d\u00fczenli antrenmanlar\u0131n kar\u015f\u0131l\u0131\u011f\u0131n\u0131 ald\u0131. Elde edilen bu ba\u015far\u0131, kul\u00fcp camias\u0131 ve sporcu aileleri taraf\u0131ndan b\u00fcy\u00fck sevin\u00e7le kar\u015f\u0131land\u0131.<br \/>\n<br \/>Antren\u00f6r Nail Ar\u0131, Erkmen Belediyespor Kul\u00fcb\u00fc y\u00f6neticilerine ve sporcu ailelerine te\u015fekk\u00fcr ederek, bu ba\u015far\u0131n\u0131n Erkmen\u2019de tekvandoya verilen \u00f6nemin bir g\u00f6stergesi oldu\u011funu ifade etti.<br \/><\/p>\n","protected":false},"excerpt":{"rendered":"<p>T\u00fcrkiye Tekvando Federasyonu\u2019nun 2025 y\u0131l\u0131 faaliyet program\u0131 \u00e7er\u00e7evesinde K\u00fctahya\u2019da d\u00fczenlenen siyah ku\u015fak s\u0131nav\u0131nda Afyonkarahisarl\u0131 sporcular \u00f6nemli bir ba\u015far\u0131ya imza att\u0131. Erkmen Belediyespor Kul\u00fcb\u00fc ile Yeni Aktif Ya\u015fam Spor Kul\u00fcb\u00fc sporcular\u0131, s\u0131nav\u0131 ba\u015far\u0131yla tamamlayarak siyah ku\u015fak almaya hak kazand\u0131. Zorlu etaplardan olu\u015fan s\u0131navda \u00fcst\u00fcn performans sergileyen sporcular, disiplinli \u00e7al\u0131\u015fman\u0131n ve d\u00fczenli antrenmanlar\u0131n kar\u015f\u0131l\u0131\u011f\u0131n\u0131 ald\u0131. Elde edilen&#8230;<\/p>\n","protected":false},"author":1,"featured_media":75824,"comment_status":"open","ping_status":"open","sticky":false,"template":"","format":"standard","meta":{"_crdt_document":"","footnotes":""},"categories":[4],"tags":[],"class_list":["post-75823","post","type-post","status-publish","format-standard","has-post-thumbnail","hentry","category-spor"],"_links":{"self":[{"href":"https:\/\/www.egemtv.com\/index.php?rest_route=\/wp\/v2\/posts\/75823","targetHints":{"allow":["GET"]}}],"collection":[{"href":"https:\/\/www.egemtv.com\/index.php?rest_route=\/wp\/v2\/posts"}],"about":[{"href":"https:\/\/www.egemtv.com\/index.php?rest_route=\/wp\/v2\/types\/post"}],"author":[{"embeddable":true,"href":"https:\/\/www.egemtv.com\/index.php?rest_route=\/wp\/v2\/users\/1"}],"replies":[{"embeddable":true,"href":"https:\/\/www.egemtv.com\/index.php?rest_route=%2Fwp%2Fv2%2Fcomments&post=75823"}],"version-history":[{"count":1,"href":"https:\/\/www.egemtv.com\/index.php?rest_route=\/wp\/v2\/posts\/75823\/revisions"}],"predecessor-version":[{"id":75825,"href":"https:\/\/www.egemtv.com\/index.php?rest_route=\/wp\/v2\/posts\/75823\/revisions\/75825"}],"wp:featuredmedia":[{"embeddable":true,"href":"https:\/\/www.egemtv.com\/index.php?rest_route=\/wp\/v2\/media\/75824"}],"wp:attachment":[{"href":"https:\/\/www.egemtv.com\/index.php?rest_route=%2Fwp%2Fv2%2Fmedia&parent=75823"}],"wp:term":[{"taxonomy":"category","embeddable":true,"href":"https:\/\/www.egemtv.com\/index.php?rest_route=%2Fwp%2Fv2%2Fcategories&post=75823"},{"taxonomy":"post_tag","embeddable":true,"href":"https:\/\/www.egemtv.com\/index.php?rest_route=%2Fwp%2Fv2%2Ftags&post=75823"}],"curies":[{"name":"wp","href":"https:\/\/api.w.org\/{rel}","templated":true}]}}