{"id":75820,"date":"2025-12-22T13:34:58","date_gmt":"2025-12-22T10:34:58","guid":{"rendered":"https:\/\/www.egemtv.com\/?p=75820"},"modified":"2025-12-22T13:34:58","modified_gmt":"2025-12-22T10:34:58","slug":"bozdogan-sise-teslim-oldu-gorus-mesafesi-dustu","status":"publish","type":"post","link":"https:\/\/www.egemtv.com\/?p=75820","title":{"rendered":"Bozdo\u011fan sise teslim oldu, g\u00f6r\u00fc\u015f mesafesi d\u00fc\u015ft\u00fc"},"content":{"rendered":"<p>Ayd\u0131n\u2019\u0131n Bozdo\u011fan il\u00e7esinde sabah saatlerinden itibaren etkili olan sis, \u00f6zellikle y\u00fcksek kesimlerde g\u00f6r\u00fc\u015f mesafesini ciddi \u015fekilde d\u00fc\u015f\u00fcrd\u00fc. Yer yer etkisini art\u0131ran sis nedeniyle g\u00f6r\u00fc\u015f mesafesi 5 ila 10 metreye kadar gerilerken, s\u00fcr\u00fcc\u00fcler zor anlar ya\u015fad\u0131.<\/p>\n<p>\u0130l\u00e7enin y\u00fcksek rak\u0131ml\u0131 mahalleleri ve ba\u011flant\u0131 yollar\u0131nda yo\u011funla\u015fan sis, g\u00fcnl\u00fck ya\u015fam\u0131 da olumsuz etkiledi. Sis nedeniyle ara\u00e7 s\u00fcr\u00fcc\u00fcleri trafikte ilerlemekte g\u00fc\u00e7l\u00fck \u00e7ekerken, s\u00fcr\u00fcc\u00fclerin h\u0131zlar\u0131n\u0131 d\u00fc\u015f\u00fcrd\u00fc\u011f\u00fc ve farlar\u0131n\u0131 yakarak seyretmek zorunda kald\u0131\u011f\u0131 g\u00f6r\u00fcld\u00fc. Yetkililer, sisin etkili oldu\u011fu b\u00f6lgelerde seyir halinde olan s\u00fcr\u00fcc\u00fclerin dikkatli ve duyarl\u0131 olmalar\u0131, takip mesafesini korumalar\u0131 ve ani manevralardan ka\u00e7\u0131nmalar\u0131 gerekti\u011fini belirtti. B\u00f6lgede etkili olan sisin ilerleyen saatlerde etkisini kaybetmesinin bekleniyor.<br \/><\/p>\n","protected":false},"excerpt":{"rendered":"<p>Ayd\u0131n\u2019\u0131n Bozdo\u011fan il\u00e7esinde sabah saatlerinden itibaren etkili olan sis, \u00f6zellikle y\u00fcksek kesimlerde g\u00f6r\u00fc\u015f mesafesini ciddi \u015fekilde d\u00fc\u015f\u00fcrd\u00fc. Yer yer etkisini art\u0131ran sis nedeniyle g\u00f6r\u00fc\u015f mesafesi 5 ila 10 metreye kadar gerilerken, s\u00fcr\u00fcc\u00fcler zor anlar ya\u015fad\u0131. \u0130l\u00e7enin y\u00fcksek rak\u0131ml\u0131 mahalleleri ve ba\u011flant\u0131 yollar\u0131nda yo\u011funla\u015fan sis, g\u00fcnl\u00fck ya\u015fam\u0131 da olumsuz etkiledi. Sis nedeniyle ara\u00e7 s\u00fcr\u00fcc\u00fcleri trafikte ilerlemekte&#8230;<\/p>\n","protected":false},"author":1,"featured_media":75821,"comment_status":"open","ping_status":"open","sticky":false,"template":"","format":"standard","meta":{"_crdt_document":"","footnotes":""},"categories":[1],"tags":[],"class_list":["post-75820","post","type-post","status-publish","format-standard","has-post-thumbnail","hentry","category-guncel"],"_links":{"self":[{"href":"https:\/\/www.egemtv.com\/index.php?rest_route=\/wp\/v2\/posts\/75820","targetHints":{"allow":["GET"]}}],"collection":[{"href":"https:\/\/www.egemtv.com\/index.php?rest_route=\/wp\/v2\/posts"}],"about":[{"href":"https:\/\/www.egemtv.com\/index.php?rest_route=\/wp\/v2\/types\/post"}],"author":[{"embeddable":true,"href":"https:\/\/www.egemtv.com\/index.php?rest_route=\/wp\/v2\/users\/1"}],"replies":[{"embeddable":true,"href":"https:\/\/www.egemtv.com\/index.php?rest_route=%2Fwp%2Fv2%2Fcomments&post=75820"}],"version-history":[{"count":1,"href":"https:\/\/www.egemtv.com\/index.php?rest_route=\/wp\/v2\/posts\/75820\/revisions"}],"predecessor-version":[{"id":75822,"href":"https:\/\/www.egemtv.com\/index.php?rest_route=\/wp\/v2\/posts\/75820\/revisions\/75822"}],"wp:featuredmedia":[{"embeddable":true,"href":"https:\/\/www.egemtv.com\/index.php?rest_route=\/wp\/v2\/media\/75821"}],"wp:attachment":[{"href":"https:\/\/www.egemtv.com\/index.php?rest_route=%2Fwp%2Fv2%2Fmedia&parent=75820"}],"wp:term":[{"taxonomy":"category","embeddable":true,"href":"https:\/\/www.egemtv.com\/index.php?rest_route=%2Fwp%2Fv2%2Fcategories&post=75820"},{"taxonomy":"post_tag","embeddable":true,"href":"https:\/\/www.egemtv.com\/index.php?rest_route=%2Fwp%2Fv2%2Ftags&post=75820"}],"curies":[{"name":"wp","href":"https:\/\/api.w.org\/{rel}","templated":true}]}}