{"id":75817,"date":"2025-12-22T13:15:04","date_gmt":"2025-12-22T10:15:04","guid":{"rendered":"https:\/\/www.egemtv.com\/?p=75817"},"modified":"2025-12-22T13:15:05","modified_gmt":"2025-12-22T10:15:05","slug":"gencler-sanatta-bulustu-seramik-biblolar-renklendi","status":"publish","type":"post","link":"https:\/\/www.egemtv.com\/?p=75817","title":{"rendered":"Gen\u00e7ler sanatta bulu\u015ftu, seramik biblolar renklendi"},"content":{"rendered":"<p>Mente\u015fe Gen\u00e7lik ve Spor \u0130l\u00e7e M\u00fcd\u00fcrl\u00fc\u011f\u00fc b\u00fcnyesinde faaliyet g\u00f6steren Uluslararas\u0131 Gen\u00e7lik Merkezi, g\u00f6n\u00fcll\u00fc gen\u00e7lerin kat\u0131l\u0131m\u0131yla d\u00fczenlenen seramik biblo boyama at\u00f6lyesine ev sahipli\u011fi yapt\u0131.<\/p>\n<p>Mu\u011fla\u2019n\u0131n Mente\u015fe il\u00e7esinde gen\u00e7lerin sosyal ve k\u00fclt\u00fcrel geli\u015fimine katk\u0131 sunan \u00e7al\u0131\u015fmalara bir yenisi daha eklendi. Uluslararas\u0131 Gen\u00e7lik Merkezi\u2019nde d\u00fczenlenen seramik boyama at\u00f6lyesi, gen\u00e7lerin yo\u011fun ilgisiyle ger\u00e7ekle\u015fti. Sanatla dolu bir g\u00fcn ge\u00e7iren g\u00f6n\u00fcll\u00fc gen\u00e7ler, hem yeteneklerini sergiledi hem de keyifli bir sosyal ortamda bulu\u015ftu. At\u00f6lye \u00e7al\u0131\u015fmas\u0131nda gen\u00e7ler, kendilerine sunulan haz\u0131r seramik biblolar\u0131 hayal g\u00fc\u00e7lerini kullanarak renklendirdi. Sanat e\u011fitmenlerinin rehberli\u011finde ger\u00e7ekle\u015ftirilen etkinlikte kat\u0131l\u0131mc\u0131lara; temel boyama teknikleri, f\u0131r\u00e7a kullan\u0131m\u0131 ve renk uyumu gibi konularda teknik bilgiler verildi. \u00d6zg\u00fcn desenlerle bezenen biblolar, gen\u00e7lerin estetik bak\u0131\u015f a\u00e7\u0131lar\u0131n\u0131 ortaya \u00e7\u0131kard\u0131. Etkinli\u011fin sadece sanatsal bir faaliyet olmad\u0131\u011f\u0131n\u0131 belirten g\u00f6n\u00fcll\u00fc gen\u00e7ler, at\u00f6lyenin g\u00fcnl\u00fck streslerinden uzakla\u015fmalar\u0131na yard\u0131mc\u0131 oldu\u011funu ifade etti. Payla\u015f\u0131m k\u00fclt\u00fcr\u00fcn\u00fcn ve ekip \u00e7al\u0131\u015fmas\u0131n\u0131n \u00f6n plana \u00e7\u0131kt\u0131\u011f\u0131 at\u00f6lyede gen\u00e7ler, bireysel \u00fcretim yapman\u0131n mutlulu\u011funu ya\u015farken bir yandan da akranlar\u0131yla sosyalle\u015fme imk\u00e2n\u0131 buldu.<\/p>\n<p>Uluslararas\u0131 Gen\u00e7lik Merkezi yetkilileri taraf\u0131ndan yap\u0131lan a\u00e7\u0131klamada, gen\u00e7lerin ki\u015fisel ve sosyal geli\u015fimlerini destekleyen bu t\u00fcr sanatsal faaliyetlerin \u00f6n\u00fcm\u00fczdeki d\u00f6nemde de artarak devam edece\u011fi vurguland\u0131. Gen\u00e7lerin merkez b\u00fcnyesindeki faaliyetlerde aktif rol almas\u0131n\u0131n \u00f6nemine de\u011finilen a\u00e7\u0131klama, kat\u0131l\u0131m sa\u011flayan t\u00fcm g\u00f6n\u00fcll\u00fclere te\u015fekk\u00fcr edilerek tamamland\u0131.<\/p>\n<p>Renkli g\u00f6r\u00fcnt\u00fclerin olu\u015ftu\u011fu etkinlik, g\u00fcn\u00fcn an\u0131s\u0131na \u00e7ekilen toplu hat\u0131ra foto\u011fraf\u0131yla sona erdi.<br \/><\/p>\n","protected":false},"excerpt":{"rendered":"<p>Mente\u015fe Gen\u00e7lik ve Spor \u0130l\u00e7e M\u00fcd\u00fcrl\u00fc\u011f\u00fc b\u00fcnyesinde faaliyet g\u00f6steren Uluslararas\u0131 Gen\u00e7lik Merkezi, g\u00f6n\u00fcll\u00fc gen\u00e7lerin kat\u0131l\u0131m\u0131yla d\u00fczenlenen seramik biblo boyama at\u00f6lyesine ev sahipli\u011fi yapt\u0131. Mu\u011fla\u2019n\u0131n Mente\u015fe il\u00e7esinde gen\u00e7lerin sosyal ve k\u00fclt\u00fcrel geli\u015fimine katk\u0131 sunan \u00e7al\u0131\u015fmalara bir yenisi daha eklendi. Uluslararas\u0131 Gen\u00e7lik Merkezi\u2019nde d\u00fczenlenen seramik boyama at\u00f6lyesi, gen\u00e7lerin yo\u011fun ilgisiyle ger\u00e7ekle\u015fti. Sanatla dolu bir g\u00fcn ge\u00e7iren g\u00f6n\u00fcll\u00fc&#8230;<\/p>\n","protected":false},"author":1,"featured_media":75818,"comment_status":"open","ping_status":"open","sticky":false,"template":"","format":"standard","meta":{"_crdt_document":"","footnotes":""},"categories":[1],"tags":[],"class_list":["post-75817","post","type-post","status-publish","format-standard","has-post-thumbnail","hentry","category-guncel"],"_links":{"self":[{"href":"https:\/\/www.egemtv.com\/index.php?rest_route=\/wp\/v2\/posts\/75817","targetHints":{"allow":["GET"]}}],"collection":[{"href":"https:\/\/www.egemtv.com\/index.php?rest_route=\/wp\/v2\/posts"}],"about":[{"href":"https:\/\/www.egemtv.com\/index.php?rest_route=\/wp\/v2\/types\/post"}],"author":[{"embeddable":true,"href":"https:\/\/www.egemtv.com\/index.php?rest_route=\/wp\/v2\/users\/1"}],"replies":[{"embeddable":true,"href":"https:\/\/www.egemtv.com\/index.php?rest_route=%2Fwp%2Fv2%2Fcomments&post=75817"}],"version-history":[{"count":1,"href":"https:\/\/www.egemtv.com\/index.php?rest_route=\/wp\/v2\/posts\/75817\/revisions"}],"predecessor-version":[{"id":75819,"href":"https:\/\/www.egemtv.com\/index.php?rest_route=\/wp\/v2\/posts\/75817\/revisions\/75819"}],"wp:featuredmedia":[{"embeddable":true,"href":"https:\/\/www.egemtv.com\/index.php?rest_route=\/wp\/v2\/media\/75818"}],"wp:attachment":[{"href":"https:\/\/www.egemtv.com\/index.php?rest_route=%2Fwp%2Fv2%2Fmedia&parent=75817"}],"wp:term":[{"taxonomy":"category","embeddable":true,"href":"https:\/\/www.egemtv.com\/index.php?rest_route=%2Fwp%2Fv2%2Fcategories&post=75817"},{"taxonomy":"post_tag","embeddable":true,"href":"https:\/\/www.egemtv.com\/index.php?rest_route=%2Fwp%2Fv2%2Ftags&post=75817"}],"curies":[{"name":"wp","href":"https:\/\/api.w.org\/{rel}","templated":true}]}}