{"id":75814,"date":"2025-12-22T13:15:03","date_gmt":"2025-12-22T10:15:03","guid":{"rendered":"https:\/\/www.egemtv.com\/?p=75814"},"modified":"2025-12-22T13:15:04","modified_gmt":"2025-12-22T10:15:04","slug":"fethiyede-ev-yangininda-yaralanan-92-yasindaki-kadin-hayatini-kaybetti","status":"publish","type":"post","link":"https:\/\/www.egemtv.com\/?p=75814","title":{"rendered":"Fethiye\u2019de ev yang\u0131n\u0131nda yaralanan 92 ya\u015f\u0131ndaki kad\u0131n hayat\u0131n\u0131 kaybetti"},"content":{"rendered":"<p>Mu\u011fla\u2019n\u0131n Fethiye il\u00e7esinde ge\u00e7ti\u011fimiz g\u00fcnlerde \u00e7\u0131kan ev yang\u0131n\u0131nda yaralanan 92 ya\u015f\u0131ndaki Nuriye \u015eahin, tedavi g\u00f6rd\u00fc\u011f\u00fc hastanede ya\u015fam\u0131n\u0131 yitirdi.<\/p>\n<p>Yang\u0131n, Yeni Mahalle \u015eehit Erg\u00fcn K\u0131z\u0131lkaya Caddesi \u00fczerinde bulunan m\u00fcstakil bir evde, hen\u00fcz belirlenemeyen bir nedenle meydana geldi. K\u0131sa s\u00fcrede b\u00fcy\u00fcyerek evi saran alevleri fark eden \u00e7evre sakinlerinin ihbar\u0131 \u00fczerine olay yerine itfaiye, polis ve sa\u011fl\u0131k ekipleri sevk edildi. \u0130tfaiye ekiplerinin yo\u011fun \u00e7al\u0131\u015fmas\u0131 sonucu yang\u0131n kontrol alt\u0131na al\u0131narak s\u00f6nd\u00fcr\u00fcl\u00fcrken, ev tamamen kullan\u0131lamaz hale geldi. Yang\u0131n s\u0131ras\u0131nda dumandan etkilenen Nuriye \u015eahin, olay yerinde yap\u0131lan ilk m\u00fcdahalenin ard\u0131ndan ambulansla hastaneye kald\u0131r\u0131ld\u0131. Hastanede tedavi alt\u0131na al\u0131nan \u015eahin, doktorlar\u0131n t\u00fcm \u00e7abalar\u0131na ra\u011fmen d\u00fcn ak\u015fam saatlerinde hayat\u0131n\u0131 kaybetti.<br \/><\/p>\n","protected":false},"excerpt":{"rendered":"<p>Mu\u011fla\u2019n\u0131n Fethiye il\u00e7esinde ge\u00e7ti\u011fimiz g\u00fcnlerde \u00e7\u0131kan ev yang\u0131n\u0131nda yaralanan 92 ya\u015f\u0131ndaki Nuriye \u015eahin, tedavi g\u00f6rd\u00fc\u011f\u00fc hastanede ya\u015fam\u0131n\u0131 yitirdi. Yang\u0131n, Yeni Mahalle \u015eehit Erg\u00fcn K\u0131z\u0131lkaya Caddesi \u00fczerinde bulunan m\u00fcstakil bir evde, hen\u00fcz belirlenemeyen bir nedenle meydana geldi. K\u0131sa s\u00fcrede b\u00fcy\u00fcyerek evi saran alevleri fark eden \u00e7evre sakinlerinin ihbar\u0131 \u00fczerine olay yerine itfaiye, polis ve sa\u011fl\u0131k ekipleri&#8230;<\/p>\n","protected":false},"author":1,"featured_media":75815,"comment_status":"open","ping_status":"open","sticky":false,"template":"","format":"standard","meta":{"_crdt_document":"","footnotes":""},"categories":[5],"tags":[],"class_list":["post-75814","post","type-post","status-publish","format-standard","has-post-thumbnail","hentry","category-asayis"],"_links":{"self":[{"href":"https:\/\/www.egemtv.com\/index.php?rest_route=\/wp\/v2\/posts\/75814","targetHints":{"allow":["GET"]}}],"collection":[{"href":"https:\/\/www.egemtv.com\/index.php?rest_route=\/wp\/v2\/posts"}],"about":[{"href":"https:\/\/www.egemtv.com\/index.php?rest_route=\/wp\/v2\/types\/post"}],"author":[{"embeddable":true,"href":"https:\/\/www.egemtv.com\/index.php?rest_route=\/wp\/v2\/users\/1"}],"replies":[{"embeddable":true,"href":"https:\/\/www.egemtv.com\/index.php?rest_route=%2Fwp%2Fv2%2Fcomments&post=75814"}],"version-history":[{"count":1,"href":"https:\/\/www.egemtv.com\/index.php?rest_route=\/wp\/v2\/posts\/75814\/revisions"}],"predecessor-version":[{"id":75816,"href":"https:\/\/www.egemtv.com\/index.php?rest_route=\/wp\/v2\/posts\/75814\/revisions\/75816"}],"wp:featuredmedia":[{"embeddable":true,"href":"https:\/\/www.egemtv.com\/index.php?rest_route=\/wp\/v2\/media\/75815"}],"wp:attachment":[{"href":"https:\/\/www.egemtv.com\/index.php?rest_route=%2Fwp%2Fv2%2Fmedia&parent=75814"}],"wp:term":[{"taxonomy":"category","embeddable":true,"href":"https:\/\/www.egemtv.com\/index.php?rest_route=%2Fwp%2Fv2%2Fcategories&post=75814"},{"taxonomy":"post_tag","embeddable":true,"href":"https:\/\/www.egemtv.com\/index.php?rest_route=%2Fwp%2Fv2%2Ftags&post=75814"}],"curies":[{"name":"wp","href":"https:\/\/api.w.org\/{rel}","templated":true}]}}