{"id":75811,"date":"2025-12-22T13:15:02","date_gmt":"2025-12-22T10:15:02","guid":{"rendered":"https:\/\/www.egemtv.com\/?p=75811"},"modified":"2025-12-22T13:15:03","modified_gmt":"2025-12-22T10:15:03","slug":"koskte-145-ogrenciye-gida-okuryazarligi-egitimleri-verildi","status":"publish","type":"post","link":"https:\/\/www.egemtv.com\/?p=75811","title":{"rendered":"K\u00f6\u015fk\u2019te 145 \u00f6\u011frenciye g\u0131da okuryazarl\u0131\u011f\u0131 e\u011fitimleri verildi"},"content":{"rendered":"<p>K\u00f6\u015fk \u0130l\u00e7e Tar\u0131m ve Orman M\u00fcd\u00fcrl\u00fc\u011f\u00fc taraf\u0131ndan \u00f6\u011frencilere y\u00f6nelik verilen e\u011fitimlerde 145 \u00f6\u011frenci, g\u0131da okuryazarl\u0131\u011f\u0131 konusunda bilgilendirildi.<br \/>\n<br \/>Ayd\u0131n\u2019\u0131n K\u00f6\u015fk il\u00e7esinde \u0130l\u00e7e Tar\u0131m ve Orman M\u00fcd\u00fcrl\u00fc\u011f\u00fc taraf\u0131ndan, ilkokul \u00f6\u011frencilerine g\u0131da okuryazarl\u0131\u011f\u0131 ve etiket okuma e\u011fitimi verildi. \u00d6\u011frencilerin g\u0131da g\u00fcvenilirli\u011fi ve beslenme bilin\u00e7 d\u00fczeyinin artt\u0131r\u0131lmas\u0131n\u0131n hedeflendi\u011fini e\u011fitimlerde &#8220;G\u0131da G\u00fcvenilirli\u011fi ve G\u0131da Okuryazarl\u0131\u011f\u0131n\u0131n Temelleri, G\u0131da Denetim Hizmetleri, G\u0131dalarda Ambalaj G\u00fcvenli\u011fi, Etiket \u00dczerindeki Bilgilerin G\u00fcnl\u00fck Hayatta Kullan\u0131m\u0131, Ambalaj \u00dczerindeki Sembollerin Anlamlar\u0131, Besin ve Enerji Tablosu, G\u00fcnl\u00fck Al\u0131nmas\u0131 Gereken Besin Miktarlar\u0131, Besin \u0130\u00e7eriklerinin G\u00fcvenilir Dozlar\u0131, Fonksiyonel, \u00d6zel Beslenme Ama\u00e7l\u0131 ve Takviye Edici G\u0131dalar\u0131n \u00d6zellikleri&#8221; gibi konularda bilgilendirmeler yap\u0131ld\u0131. \u0130l\u00e7e genelinde \u00f6\u011frenim g\u00f6ren gen\u00e7lerle bir araya gelen personeller, g\u0131da okuryazarl\u0131\u011f\u0131 ve etiket okuma konusunda sunumlar yaparak, \u00f6\u011frencilerin merak etti\u011fi sorular\u0131 yan\u0131tlad\u0131. Ayr\u0131ca yap\u0131lan e\u011fitimler \u00e7er\u00e7evesinde toplam 145 \u00f6\u011frenciye g\u0131da okuryazarl\u0131\u011f\u0131 e\u011fitimi verildi.<br \/>\n<br \/>K\u00f6\u015fk \u0130l\u00e7e Tar\u0131m ve Orman M\u00fcd\u00fcrl\u00fc\u011f\u00fc\u2019nden yap\u0131lan a\u00e7\u0131klamada &#8220;\u0130l\u00e7e M\u00fcd\u00fcrl\u00fc\u011f\u00fcm\u00fcz G\u0131da Birimi taraf\u0131ndan \u0130l\u00e7emiz Adnan Menderes \u0130lkokulunda 145 \u00f6\u011frenci ve 8 \u00f6\u011fretmene \u2019G\u0131da Okuryazarl\u0131\u011f\u0131\u2019 ve \u2019Etiket Okuma\u2019 konular\u0131nda e\u011fitim verilmi\u015ftir. Sa\u011fl\u0131\u011f\u0131n\u0131z bizim i\u00e7in \u00f6nemli&#8221; ifadeleri yer ald\u0131.<br \/><\/p>\n","protected":false},"excerpt":{"rendered":"<p>K\u00f6\u015fk \u0130l\u00e7e Tar\u0131m ve Orman M\u00fcd\u00fcrl\u00fc\u011f\u00fc taraf\u0131ndan \u00f6\u011frencilere y\u00f6nelik verilen e\u011fitimlerde 145 \u00f6\u011frenci, g\u0131da okuryazarl\u0131\u011f\u0131 konusunda bilgilendirildi. Ayd\u0131n\u2019\u0131n K\u00f6\u015fk il\u00e7esinde \u0130l\u00e7e Tar\u0131m ve Orman M\u00fcd\u00fcrl\u00fc\u011f\u00fc taraf\u0131ndan, ilkokul \u00f6\u011frencilerine g\u0131da okuryazarl\u0131\u011f\u0131 ve etiket okuma e\u011fitimi verildi. \u00d6\u011frencilerin g\u0131da g\u00fcvenilirli\u011fi ve beslenme bilin\u00e7 d\u00fczeyinin artt\u0131r\u0131lmas\u0131n\u0131n hedeflendi\u011fini e\u011fitimlerde &#8220;G\u0131da G\u00fcvenilirli\u011fi ve G\u0131da Okuryazarl\u0131\u011f\u0131n\u0131n Temelleri, G\u0131da Denetim Hizmetleri, G\u0131dalarda&#8230;<\/p>\n","protected":false},"author":1,"featured_media":75812,"comment_status":"open","ping_status":"open","sticky":false,"template":"","format":"standard","meta":{"_crdt_document":"","footnotes":""},"categories":[1],"tags":[],"class_list":["post-75811","post","type-post","status-publish","format-standard","has-post-thumbnail","hentry","category-guncel"],"_links":{"self":[{"href":"https:\/\/www.egemtv.com\/index.php?rest_route=\/wp\/v2\/posts\/75811","targetHints":{"allow":["GET"]}}],"collection":[{"href":"https:\/\/www.egemtv.com\/index.php?rest_route=\/wp\/v2\/posts"}],"about":[{"href":"https:\/\/www.egemtv.com\/index.php?rest_route=\/wp\/v2\/types\/post"}],"author":[{"embeddable":true,"href":"https:\/\/www.egemtv.com\/index.php?rest_route=\/wp\/v2\/users\/1"}],"replies":[{"embeddable":true,"href":"https:\/\/www.egemtv.com\/index.php?rest_route=%2Fwp%2Fv2%2Fcomments&post=75811"}],"version-history":[{"count":1,"href":"https:\/\/www.egemtv.com\/index.php?rest_route=\/wp\/v2\/posts\/75811\/revisions"}],"predecessor-version":[{"id":75813,"href":"https:\/\/www.egemtv.com\/index.php?rest_route=\/wp\/v2\/posts\/75811\/revisions\/75813"}],"wp:featuredmedia":[{"embeddable":true,"href":"https:\/\/www.egemtv.com\/index.php?rest_route=\/wp\/v2\/media\/75812"}],"wp:attachment":[{"href":"https:\/\/www.egemtv.com\/index.php?rest_route=%2Fwp%2Fv2%2Fmedia&parent=75811"}],"wp:term":[{"taxonomy":"category","embeddable":true,"href":"https:\/\/www.egemtv.com\/index.php?rest_route=%2Fwp%2Fv2%2Fcategories&post=75811"},{"taxonomy":"post_tag","embeddable":true,"href":"https:\/\/www.egemtv.com\/index.php?rest_route=%2Fwp%2Fv2%2Ftags&post=75811"}],"curies":[{"name":"wp","href":"https:\/\/api.w.org\/{rel}","templated":true}]}}