{"id":75808,"date":"2025-12-22T13:15:01","date_gmt":"2025-12-22T10:15:01","guid":{"rendered":"https:\/\/www.egemtv.com\/?p=75808"},"modified":"2025-12-22T13:15:02","modified_gmt":"2025-12-22T10:15:02","slug":"denizlinin-asirlik-cinari-107-yasinda-hayatini-kaybetti","status":"publish","type":"post","link":"https:\/\/www.egemtv.com\/?p=75808","title":{"rendered":"Denizli\u2019nin as\u0131rl\u0131k \u00e7\u0131nar\u0131 107 ya\u015f\u0131nda hayat\u0131n\u0131 kaybetti"},"content":{"rendered":"<p>Denizli\u2019nin Merkezefendi il\u00e7esinde ya\u015fayan ve T\u00fcrkiye\u2019nin yak\u0131n tarihine tan\u0131kl\u0131k eden 107 ya\u015f\u0131ndaki Fatmana \u00d6zarslan, ya\u015fl\u0131l\u0131\u011fa ba\u011fl\u0131 nedenlerle hayat\u0131n\u0131 kaybetti.<br \/>\n<br \/>1918 y\u0131l\u0131nda d\u00fcnyaya gelen \u00d6zarslan, Osmanl\u0131 Devleti\u2019nin son d\u00f6nemlerinden Cumhuriyet\u2019in kurulu\u015funa, g\u00fcn\u00fcm\u00fcze kadar pek \u00e7ok tarihi s\u00fcreci ya\u015fad\u0131. Hayat\u0131 boyunca 2 padi\u015fah, 12 cumhurba\u015fkan\u0131 ve 27 ba\u015fbakan g\u00f6ren Fatmana \u00d6zarslan, \u00e7evresi taraf\u0131ndan sevilen, sayg\u0131 duyulan bir isimdi. Merkezefendi Kaymakam\u0131 Abdullah Demir, 1 Ekim\u2019de Fatmana \u00d6zarslan\u2019\u0131 evinde ziyaret etmi\u015f ve 107. ya\u015f\u0131 i\u00e7in \u00f6zel pasta kesmi\u015fti. Uzun \u00f6mr\u00fcyle dikkat \u00e7eken \u00d6zarslan\u2019\u0131n vefat haberi, ailesi ve yak\u0131nlar\u0131 ba\u015fta olmak \u00fczere sevenlerini derin bir \u00fcz\u00fcnt\u00fcye bo\u011fdu. Fatmana \u00d6zarslan\u2019\u0131n cenazesi \u0130lbade Mezarl\u0131\u011f\u0131nda defnedildi.<br \/><\/p>\n","protected":false},"excerpt":{"rendered":"<p>Denizli\u2019nin Merkezefendi il\u00e7esinde ya\u015fayan ve T\u00fcrkiye\u2019nin yak\u0131n tarihine tan\u0131kl\u0131k eden 107 ya\u015f\u0131ndaki Fatmana \u00d6zarslan, ya\u015fl\u0131l\u0131\u011fa ba\u011fl\u0131 nedenlerle hayat\u0131n\u0131 kaybetti. 1918 y\u0131l\u0131nda d\u00fcnyaya gelen \u00d6zarslan, Osmanl\u0131 Devleti\u2019nin son d\u00f6nemlerinden Cumhuriyet\u2019in kurulu\u015funa, g\u00fcn\u00fcm\u00fcze kadar pek \u00e7ok tarihi s\u00fcreci ya\u015fad\u0131. Hayat\u0131 boyunca 2 padi\u015fah, 12 cumhurba\u015fkan\u0131 ve 27 ba\u015fbakan g\u00f6ren Fatmana \u00d6zarslan, \u00e7evresi taraf\u0131ndan sevilen, sayg\u0131 duyulan bir&#8230;<\/p>\n","protected":false},"author":1,"featured_media":75809,"comment_status":"open","ping_status":"open","sticky":false,"template":"","format":"standard","meta":{"_crdt_document":"","footnotes":""},"categories":[123],"tags":[],"class_list":["post-75808","post","type-post","status-publish","format-standard","has-post-thumbnail","hentry","category-gundem"],"_links":{"self":[{"href":"https:\/\/www.egemtv.com\/index.php?rest_route=\/wp\/v2\/posts\/75808","targetHints":{"allow":["GET"]}}],"collection":[{"href":"https:\/\/www.egemtv.com\/index.php?rest_route=\/wp\/v2\/posts"}],"about":[{"href":"https:\/\/www.egemtv.com\/index.php?rest_route=\/wp\/v2\/types\/post"}],"author":[{"embeddable":true,"href":"https:\/\/www.egemtv.com\/index.php?rest_route=\/wp\/v2\/users\/1"}],"replies":[{"embeddable":true,"href":"https:\/\/www.egemtv.com\/index.php?rest_route=%2Fwp%2Fv2%2Fcomments&post=75808"}],"version-history":[{"count":1,"href":"https:\/\/www.egemtv.com\/index.php?rest_route=\/wp\/v2\/posts\/75808\/revisions"}],"predecessor-version":[{"id":75810,"href":"https:\/\/www.egemtv.com\/index.php?rest_route=\/wp\/v2\/posts\/75808\/revisions\/75810"}],"wp:featuredmedia":[{"embeddable":true,"href":"https:\/\/www.egemtv.com\/index.php?rest_route=\/wp\/v2\/media\/75809"}],"wp:attachment":[{"href":"https:\/\/www.egemtv.com\/index.php?rest_route=%2Fwp%2Fv2%2Fmedia&parent=75808"}],"wp:term":[{"taxonomy":"category","embeddable":true,"href":"https:\/\/www.egemtv.com\/index.php?rest_route=%2Fwp%2Fv2%2Fcategories&post=75808"},{"taxonomy":"post_tag","embeddable":true,"href":"https:\/\/www.egemtv.com\/index.php?rest_route=%2Fwp%2Fv2%2Ftags&post=75808"}],"curies":[{"name":"wp","href":"https:\/\/api.w.org\/{rel}","templated":true}]}}