{"id":75805,"date":"2025-12-22T13:15:00","date_gmt":"2025-12-22T10:15:00","guid":{"rendered":"https:\/\/www.egemtv.com\/?p=75805"},"modified":"2025-12-22T13:15:01","modified_gmt":"2025-12-22T10:15:01","slug":"aliaga-fk-devreye-formsuz-girdi","status":"publish","type":"post","link":"https:\/\/www.egemtv.com\/?p=75805","title":{"rendered":"Alia\u011fa FK, devreye formsuz girdi"},"content":{"rendered":"<p>Alia\u011fa FK, TFF 2. Lig K\u0131rm\u0131z\u0131 Grup\u2019ta oynad\u0131\u011f\u0131 son \u00fc\u00e7 ma\u00e7ta 2 beraberlik ve 1 ma\u011flubiyet alarak devre aras\u0131na formsuz bir \u015fekilde girdi.<br \/>\n<br \/>&#8220;TFF 2. Lig Beyaz Grup ekiplerinden Alia\u011fa FK, devre aras\u0131na istedi\u011fi gibi bir giri\u015f yapamad\u0131. Sezonun b\u00fcy\u00fck b\u00f6l\u00fcm\u00fcnde ba\u015far\u0131l\u0131 bir performans sergileyen \u0130zmir ekibi, ilk 10 haftada etkili bir oyun ortaya koydu. Bu s\u00fcre\u00e7te 7 galibiyet, 1 beraberlik ve 2 ma\u011flubiyet alan sar\u0131-siyahl\u0131lar, zirve m\u00fccadelesi verdi. Ancak ilerleyen haftalarda ya\u015fanan d\u00fc\u015f\u00fc\u015f, \u00fcst \u00fcste k\u00f6t\u00fc sonu\u00e7larla birle\u015fince Alia\u011fa FK zirve takibinden uzakla\u015farak play-off m\u00fccadelesi vermeye ba\u015flad\u0131. \u015eu anda 4. s\u0131rada bulunan \u0130zmir ekibi, devre aras\u0131 \u00f6ncesindeki son \u00fc\u00e7 ma\u00e7ta 2 beraberlik ve 1 ma\u011flubiyet alarak formsuz bir \u015fekilde devre aras\u0131na girdi.<\/p>\n<p>\u0130\u00e7 ve d\u0131\u015f sahada iki farkl\u0131 performans<br \/>\n<br \/>Alia\u011fa FK, devre aras\u0131na kadar oynanan 17 ma\u00e7ta iki farkl\u0131 performans sergiledi. \u0130zmir ekibi, \u00f6zellikle i\u00e7 ve d\u0131\u015f sahada farkl\u0131 bir oyun ortaya koydu. Evinde oynad\u0131\u011f\u0131 ma\u00e7larda yenilgi y\u00fcz\u00fc g\u00f6rmeyen sar\u0131-siyahl\u0131lar, 7 galibiyet ve 1 beraberlik elde etti. Deplasmanda ise tam tersi bir tablo ortaya \u00e7\u0131kt\u0131; 9 d\u0131\u015f saha ma\u00e7\u0131nda yaln\u0131zca 2 galibiyet alan Alia\u011fa FK, 3 beraberlik ve 4 ma\u011flubiyet ya\u015fad\u0131. B\u00f6ylece \u0130zmir ekibi, i\u00e7 ve d\u0131\u015f sahada tamamen z\u0131t performanslar sergilemi\u015f oldu.<br \/><\/p>\n","protected":false},"excerpt":{"rendered":"<p>Alia\u011fa FK, TFF 2. Lig K\u0131rm\u0131z\u0131 Grup\u2019ta oynad\u0131\u011f\u0131 son \u00fc\u00e7 ma\u00e7ta 2 beraberlik ve 1 ma\u011flubiyet alarak devre aras\u0131na formsuz bir \u015fekilde girdi. &#8220;TFF 2. Lig Beyaz Grup ekiplerinden Alia\u011fa FK, devre aras\u0131na istedi\u011fi gibi bir giri\u015f yapamad\u0131. Sezonun b\u00fcy\u00fck b\u00f6l\u00fcm\u00fcnde ba\u015far\u0131l\u0131 bir performans sergileyen \u0130zmir ekibi, ilk 10 haftada etkili bir oyun ortaya koydu&#8230;.<\/p>\n","protected":false},"author":1,"featured_media":75806,"comment_status":"open","ping_status":"open","sticky":false,"template":"","format":"standard","meta":{"_crdt_document":"","footnotes":""},"categories":[4],"tags":[],"class_list":["post-75805","post","type-post","status-publish","format-standard","has-post-thumbnail","hentry","category-spor"],"_links":{"self":[{"href":"https:\/\/www.egemtv.com\/index.php?rest_route=\/wp\/v2\/posts\/75805","targetHints":{"allow":["GET"]}}],"collection":[{"href":"https:\/\/www.egemtv.com\/index.php?rest_route=\/wp\/v2\/posts"}],"about":[{"href":"https:\/\/www.egemtv.com\/index.php?rest_route=\/wp\/v2\/types\/post"}],"author":[{"embeddable":true,"href":"https:\/\/www.egemtv.com\/index.php?rest_route=\/wp\/v2\/users\/1"}],"replies":[{"embeddable":true,"href":"https:\/\/www.egemtv.com\/index.php?rest_route=%2Fwp%2Fv2%2Fcomments&post=75805"}],"version-history":[{"count":1,"href":"https:\/\/www.egemtv.com\/index.php?rest_route=\/wp\/v2\/posts\/75805\/revisions"}],"predecessor-version":[{"id":75807,"href":"https:\/\/www.egemtv.com\/index.php?rest_route=\/wp\/v2\/posts\/75805\/revisions\/75807"}],"wp:featuredmedia":[{"embeddable":true,"href":"https:\/\/www.egemtv.com\/index.php?rest_route=\/wp\/v2\/media\/75806"}],"wp:attachment":[{"href":"https:\/\/www.egemtv.com\/index.php?rest_route=%2Fwp%2Fv2%2Fmedia&parent=75805"}],"wp:term":[{"taxonomy":"category","embeddable":true,"href":"https:\/\/www.egemtv.com\/index.php?rest_route=%2Fwp%2Fv2%2Fcategories&post=75805"},{"taxonomy":"post_tag","embeddable":true,"href":"https:\/\/www.egemtv.com\/index.php?rest_route=%2Fwp%2Fv2%2Ftags&post=75805"}],"curies":[{"name":"wp","href":"https:\/\/api.w.org\/{rel}","templated":true}]}}