{"id":75802,"date":"2025-12-22T12:55:42","date_gmt":"2025-12-22T09:55:42","guid":{"rendered":"https:\/\/www.egemtv.com\/?p=75802"},"modified":"2025-12-22T12:55:43","modified_gmt":"2025-12-22T09:55:43","slug":"izmirde-dev-psikoloji-zirvesi-gencler-gelecege-radikal-bir-bakis-atti","status":"publish","type":"post","link":"https:\/\/www.egemtv.com\/?p=75802","title":{"rendered":"\u0130zmir\u2019de dev psikoloji zirvesi: Gen\u00e7ler gelece\u011fe \u2019Radikal\u2019 bir bak\u0131\u015f att\u0131"},"content":{"rendered":"<p>\u0130zmir Radikal Okullar\u0131, lise d\u00fczeyinde \u00f6nemli organizasyonlar\u0131ndan birine ev sahipli\u011fi yaparak \u2019Psikoloji Zirvesi\u2019 d\u00fczenledi. 30\u2019dan fazla okuldan y\u00fczlerce \u00f6\u011frencinin kat\u0131ld\u0131\u011f\u0131 zirvede, uzman isimler gen\u00e7lerin psikolojik sa\u011flaml\u0131\u011f\u0131 ve motivasyonu i\u00e7in \u00f6nemli ipu\u00e7lar\u0131 payla\u015ft\u0131.<br \/>\n<br \/>Gen\u00e7lerin psikolojik iyi olu\u015flar\u0131n\u0131 desteklemek ve kariyer yolculuklar\u0131na \u0131\u015f\u0131k tutmak amac\u0131yla d\u00fczenlenen Psikoloji Zirvesi, \u0130zmir\u2019de yo\u011fun bir kat\u0131l\u0131mla ger\u00e7ekle\u015ftirildi. Radikal Okullar\u0131 Genel M\u00fcd\u00fcr Yard\u0131mc\u0131s\u0131 Sevi \u015eeneken, Rehberlik Koordinat\u00f6r\u00fc \u0130brahim Mavi, ARGE Koordinat\u00f6r\u00fc \u015eule Ba\u015f ve Konak Okul M\u00fcd\u00fcr\u00fc Mutlu Kara\u2019n\u0131n kat\u0131l\u0131m\u0131yla ba\u015flayan etkinlik, akademik bir \u015f\u00f6lene d\u00f6n\u00fc\u015ft\u00fc.<\/p>\n<p>Uzman isimlerden hayati tavsiyeler<br \/>\n<br \/>G\u00fcn boyu s\u00fcren oturumlarda alan\u0131nda marka haline gelmi\u015f isimler k\u00fcrs\u00fcye \u00e7\u0131kt\u0131. Do\u00e7. Dr. Mehmet \u015eakiro\u011flu \u2019Psikolojik Sa\u011flaml\u0131k ve Duygu Y\u00f6netimi\u2019 \u00fczerine bir sunum yaparken, Uzm. Psikolojik Dan\u0131\u015fman Ferhan B\u0131\u00e7ak\u00e7\u0131lar \u2019Gen\u00e7lerde Motivasyon\u2019 konusunu ele ald\u0131. Ayr\u0131ca Uzm. Psikolog Selen Uluda\u011f ve Klinik Psikolog Eren Sadi, sistematik d\u00fc\u015f\u00fcnce hatalar\u0131ndan de\u011ferler e\u011fitimine kadar geni\u015f bir yelpazede \u00f6\u011frencileri bilgilendirdi.<\/p>\n<p>Gen\u00e7 giri\u015fimcilerin ba\u015far\u0131s\u0131<br \/>\n<br \/>Zirvenin en dikkat \u00e7eken detay\u0131 ise organizasyonun tamamen \u2019Gen\u00e7 Giri\u015fimci\u2019 \u00f6\u011frenciler taraf\u0131ndan planlanm\u0131\u015f olmas\u0131yd\u0131. Radikal Okullar\u0131 Genel M\u00fcd\u00fcr Yard\u0131mc\u0131s\u0131 Sevi \u015eeneken, temel ama\u00e7lar\u0131n\u0131n de\u011fer yarg\u0131lar\u0131ndan \u00f6d\u00fcn vermeden hedeflerine y\u00fcr\u00fcyen, mutlu bireyler yeti\u015ftirmek oldu\u011funu vurgulad\u0131.<\/p>\n<p>300 \u00f6\u011frenci, 30\u2019dan fazla okul<br \/>\n<br \/>Etkinli\u011fin kapsam\u0131 hakk\u0131nda bilgi veren Rehberlik ve ARGE Koordinat\u00f6r\u00fc \u015eule Ba\u015f, &#8220;\u0130zmir\u2019de lise \u00e7ap\u0131nda ger\u00e7ekle\u015ftirilen en b\u00fcy\u00fck zirvelerden birine imza att\u0131k. 30\u2019dan fazla okuldan 300\u2019e yak\u0131n kat\u0131l\u0131mc\u0131y\u0131 a\u011f\u0131rl\u0131yoruz. S\u0131nav \u00f6ncesi d\u00f6nemde \u00f6\u011frencilerimize hem akademik hem de sosyal anlamda \u00fcst d\u00fczey bir rehberlik deste\u011fi sunmay\u0131 hedefledik&#8221; dedi. Radikal Okullar\u0131 Rehber \u00d6\u011fretmeni Beste \u00c7evik ise \u00fcniversite tercihinden \u00f6nce lise y\u0131llar\u0131n\u0131n kendini tan\u0131ma ad\u0131na kritik bir nokta oldu\u011funu belirterek, &#8220;Gen\u00e7lerimizin uzmanlarla tan\u0131\u015fmas\u0131n\u0131 ve bu alan\u0131 yerinde deneyimlemesini istedik. 32 devlet lisesinin bize destek vermesi ve bu kalabal\u0131k uyumlu ekibin bir par\u00e7as\u0131 olmas\u0131 gurur verici&#8221; ifadelerini kulland\u0131.<br \/>\n<br \/>Zirve kapsam\u0131nda d\u00fczenlenen sanat terapisi, ah\u015fap boyama ve sosyal psikoloji deneyleri ile \u00f6\u011frenciler teorik bilgileri pratikle birle\u015ftirme imkan\u0131 buldu.<br \/><\/p>\n","protected":false},"excerpt":{"rendered":"<p>\u0130zmir Radikal Okullar\u0131, lise d\u00fczeyinde \u00f6nemli organizasyonlar\u0131ndan birine ev sahipli\u011fi yaparak \u2019Psikoloji Zirvesi\u2019 d\u00fczenledi. 30\u2019dan fazla okuldan y\u00fczlerce \u00f6\u011frencinin kat\u0131ld\u0131\u011f\u0131 zirvede, uzman isimler gen\u00e7lerin psikolojik sa\u011flaml\u0131\u011f\u0131 ve motivasyonu i\u00e7in \u00f6nemli ipu\u00e7lar\u0131 payla\u015ft\u0131. Gen\u00e7lerin psikolojik iyi olu\u015flar\u0131n\u0131 desteklemek ve kariyer yolculuklar\u0131na \u0131\u015f\u0131k tutmak amac\u0131yla d\u00fczenlenen Psikoloji Zirvesi, \u0130zmir\u2019de yo\u011fun bir kat\u0131l\u0131mla ger\u00e7ekle\u015ftirildi. Radikal Okullar\u0131 Genel M\u00fcd\u00fcr&#8230;<\/p>\n","protected":false},"author":1,"featured_media":75803,"comment_status":"open","ping_status":"open","sticky":false,"template":"","format":"standard","meta":{"_crdt_document":"","footnotes":""},"categories":[1],"tags":[],"class_list":["post-75802","post","type-post","status-publish","format-standard","has-post-thumbnail","hentry","category-guncel"],"_links":{"self":[{"href":"https:\/\/www.egemtv.com\/index.php?rest_route=\/wp\/v2\/posts\/75802","targetHints":{"allow":["GET"]}}],"collection":[{"href":"https:\/\/www.egemtv.com\/index.php?rest_route=\/wp\/v2\/posts"}],"about":[{"href":"https:\/\/www.egemtv.com\/index.php?rest_route=\/wp\/v2\/types\/post"}],"author":[{"embeddable":true,"href":"https:\/\/www.egemtv.com\/index.php?rest_route=\/wp\/v2\/users\/1"}],"replies":[{"embeddable":true,"href":"https:\/\/www.egemtv.com\/index.php?rest_route=%2Fwp%2Fv2%2Fcomments&post=75802"}],"version-history":[{"count":1,"href":"https:\/\/www.egemtv.com\/index.php?rest_route=\/wp\/v2\/posts\/75802\/revisions"}],"predecessor-version":[{"id":75804,"href":"https:\/\/www.egemtv.com\/index.php?rest_route=\/wp\/v2\/posts\/75802\/revisions\/75804"}],"wp:featuredmedia":[{"embeddable":true,"href":"https:\/\/www.egemtv.com\/index.php?rest_route=\/wp\/v2\/media\/75803"}],"wp:attachment":[{"href":"https:\/\/www.egemtv.com\/index.php?rest_route=%2Fwp%2Fv2%2Fmedia&parent=75802"}],"wp:term":[{"taxonomy":"category","embeddable":true,"href":"https:\/\/www.egemtv.com\/index.php?rest_route=%2Fwp%2Fv2%2Fcategories&post=75802"},{"taxonomy":"post_tag","embeddable":true,"href":"https:\/\/www.egemtv.com\/index.php?rest_route=%2Fwp%2Fv2%2Ftags&post=75802"}],"curies":[{"name":"wp","href":"https:\/\/api.w.org\/{rel}","templated":true}]}}