{"id":75799,"date":"2025-12-22T12:55:41","date_gmt":"2025-12-22T09:55:41","guid":{"rendered":"https:\/\/www.egemtv.com\/?p=75799"},"modified":"2025-12-22T12:55:42","modified_gmt":"2025-12-22T09:55:42","slug":"bolvadinli-genc-hatipten-buyuk-basari","status":"publish","type":"post","link":"https:\/\/www.egemtv.com\/?p=75799","title":{"rendered":"Bolvadinli gen\u00e7 hatipten b\u00fcy\u00fck ba\u015far\u0131"},"content":{"rendered":"<p>Milli E\u011fitim Bakanl\u0131\u011f\u0131 taraf\u0131ndan d\u00fczenlenen \u2018Gen\u00e7 Hatipler Hutbe Okuma 1.\u2019nci B\u00f6lge Yar\u0131\u015fmas\u0131\u2019nda Bolvadinli \u00f6\u011frenci Ali \u00c7\u0131rak ikinci oldu.<br \/>\n<br \/>Afyonkarahisar \u0130mam Hatip Liseleri aras\u0131 \u2018Gen\u00e7 Hatipler Hutbe Okuma 1.B\u00f6lge Yar\u0131\u015fmas\u0131 sona erdi. Yar\u0131\u015fmada \u00c7\u0131rak il\u00e7e ad\u0131na b\u00fcy\u00fck bir ba\u015far\u0131ya imza atarak incilik elde etti. Bolvadin \u0130l\u00e7e Milli E\u011fitim M\u00fcd\u00fcrl\u00fc\u011f\u00fcn\u00fcn sosyal medya hesab\u0131ndan yar\u0131\u015fmayla ilgili yap\u0131lan a\u00e7\u0131klamada ise &#8220;\u00d6\u011frencimiz Ali \u00c7\u0131rak ikinci oldu. Bu vesile ile \u0130l\u00e7e Milli E\u011fitim M\u00fcd\u00fcr\u00fcm\u00fcz Mehmet Ali Kele\u015f \u00f6\u011frencimizi ve okul m\u00fcd\u00fcr\u00fcm\u00fcz\u00fc kabul ederek tebrik etti ve hediyesini verdi. \u00d6\u011frencimizi, ailesini, \u00f6\u011fretmenlerimizi tebrik ediyor ba\u015far\u0131lar\u0131n\u0131n devam\u0131n\u0131 diliyoruz&#8221; ifadelerine yer verildi.<br \/><\/p>\n","protected":false},"excerpt":{"rendered":"<p>Milli E\u011fitim Bakanl\u0131\u011f\u0131 taraf\u0131ndan d\u00fczenlenen \u2018Gen\u00e7 Hatipler Hutbe Okuma 1.\u2019nci B\u00f6lge Yar\u0131\u015fmas\u0131\u2019nda Bolvadinli \u00f6\u011frenci Ali \u00c7\u0131rak ikinci oldu. Afyonkarahisar \u0130mam Hatip Liseleri aras\u0131 \u2018Gen\u00e7 Hatipler Hutbe Okuma 1.B\u00f6lge Yar\u0131\u015fmas\u0131 sona erdi. Yar\u0131\u015fmada \u00c7\u0131rak il\u00e7e ad\u0131na b\u00fcy\u00fck bir ba\u015far\u0131ya imza atarak incilik elde etti. Bolvadin \u0130l\u00e7e Milli E\u011fitim M\u00fcd\u00fcrl\u00fc\u011f\u00fcn\u00fcn sosyal medya hesab\u0131ndan yar\u0131\u015fmayla ilgili yap\u0131lan a\u00e7\u0131klamada&#8230;<\/p>\n","protected":false},"author":1,"featured_media":75800,"comment_status":"open","ping_status":"open","sticky":false,"template":"","format":"standard","meta":{"_crdt_document":"","footnotes":""},"categories":[1],"tags":[],"class_list":["post-75799","post","type-post","status-publish","format-standard","has-post-thumbnail","hentry","category-guncel"],"_links":{"self":[{"href":"https:\/\/www.egemtv.com\/index.php?rest_route=\/wp\/v2\/posts\/75799","targetHints":{"allow":["GET"]}}],"collection":[{"href":"https:\/\/www.egemtv.com\/index.php?rest_route=\/wp\/v2\/posts"}],"about":[{"href":"https:\/\/www.egemtv.com\/index.php?rest_route=\/wp\/v2\/types\/post"}],"author":[{"embeddable":true,"href":"https:\/\/www.egemtv.com\/index.php?rest_route=\/wp\/v2\/users\/1"}],"replies":[{"embeddable":true,"href":"https:\/\/www.egemtv.com\/index.php?rest_route=%2Fwp%2Fv2%2Fcomments&post=75799"}],"version-history":[{"count":1,"href":"https:\/\/www.egemtv.com\/index.php?rest_route=\/wp\/v2\/posts\/75799\/revisions"}],"predecessor-version":[{"id":75801,"href":"https:\/\/www.egemtv.com\/index.php?rest_route=\/wp\/v2\/posts\/75799\/revisions\/75801"}],"wp:featuredmedia":[{"embeddable":true,"href":"https:\/\/www.egemtv.com\/index.php?rest_route=\/wp\/v2\/media\/75800"}],"wp:attachment":[{"href":"https:\/\/www.egemtv.com\/index.php?rest_route=%2Fwp%2Fv2%2Fmedia&parent=75799"}],"wp:term":[{"taxonomy":"category","embeddable":true,"href":"https:\/\/www.egemtv.com\/index.php?rest_route=%2Fwp%2Fv2%2Fcategories&post=75799"},{"taxonomy":"post_tag","embeddable":true,"href":"https:\/\/www.egemtv.com\/index.php?rest_route=%2Fwp%2Fv2%2Ftags&post=75799"}],"curies":[{"name":"wp","href":"https:\/\/api.w.org\/{rel}","templated":true}]}}