{"id":75796,"date":"2025-12-22T12:55:40","date_gmt":"2025-12-22T09:55:40","guid":{"rendered":"https:\/\/www.egemtv.com\/?p=75796"},"modified":"2025-12-22T12:55:41","modified_gmt":"2025-12-22T09:55:41","slug":"izmirli-fotografcilar-manisaya-hayran-kaldi","status":"publish","type":"post","link":"https:\/\/www.egemtv.com\/?p=75796","title":{"rendered":"\u0130zmirl\u0130 foto\u011fraf\u00e7\u0131lar Manisa\u2019ya hayran kald\u0131"},"content":{"rendered":"<p>\u0130zmir\u2019den gelen foto\u011fraf tutkunlar\u0131, Manisa\u2019n\u0131n tarihi ve do\u011fal miras\u0131n\u0131 objektifleriyle \u00f6l\u00fcms\u00fczle\u015ftirdi.<br \/>\n<br \/>T\u00fcrkiye Foto\u011fraf\u00e7\u0131lar ve Gezi Kul\u00fcb\u00fc \u0130zmir Grubu, Manisa\u2019da d\u00fczenlenen foto\u011fraf gezisinde kentin tarihi ve do\u011fal g\u00fczelliklerini foto\u011fraflad\u0131. Manisal\u0131 amat\u00f6r foto\u011fraf\u00e7\u0131 \u0130smail Aybey\u2019in rehberli\u011finde ger\u00e7ekle\u015fen gezide, foto\u011fraf severler Manisa\u2019n\u0131n simge mekanlar\u0131na yo\u011fun ilgi g\u00f6sterdi.<br \/>\n<br \/>Manisa\u2019n\u0131n simgelerinden Ulu Park\u2019ta bir araya gelen foto\u011fraf ekibi, ilk olarak Sultan Camii, Tarihi T\u0131p M\u00fczesi, Muradiye Camii, Kur\u015funlu Han ve Hatuniye Camii\u2019ni objektiflerine yans\u0131tt\u0131. Ard\u0131ndan Ulu Camii, Darphane, A\u011flayan Kaya ve K\u0131r Kahvesi\u2019ni ziyaret eden ekip, Manisa Mevlevihanesi\u2019ni de gezerek tarihi dokuyu foto\u011fraflad\u0131.<br \/>\n<br \/>Geziyle ilgili de\u011ferlendirmede bulunan amat\u00f6r foto\u011fraf\u00e7\u0131 \u0130smail Aybey, \u0130zmir ve Salihli\u2019den gelen foto\u011fraf dostlar\u0131yla birlikte keyifli bir g\u00fcn ge\u00e7irdiklerini belirterek, &#8220;Manisa\u2019n\u0131n tarihi ve do\u011fal g\u00fczelliklerini bol bol foto\u011fraflad\u0131k. \u0130nsan ya\u015fad\u0131\u011f\u0131 \u015fehirdeyken baz\u0131 de\u011ferlerin k\u0131ymetini fark edemeyebiliyor. Bu geziyle birlikte ben de Manisa\u2019y\u0131 yeniden ke\u015ffetmi\u015f oldum. Bir\u00e7ok \u015fehzadeye ev sahipli\u011fi yapm\u0131\u015f, Mimar Sinan\u2019\u0131n Ege B\u00f6lgesi\u2019ndeki tek eseri Muradiye Camii\u2019ni bar\u0131nd\u0131ran ilimiz, ger\u00e7ekten gezilip g\u00f6r\u00fclmeye de\u011fer&#8221; dedi.<br \/>\n<br \/>Foto\u011fraf gezisi, kat\u0131l\u0131mc\u0131lar\u0131n Manisa\u2019ya dair g\u00f6zlemlerini payla\u015fmas\u0131 ve \u00e7ekilen karelerin de\u011ferlendirilmesiyle sona erdi.<br \/><\/p>\n","protected":false},"excerpt":{"rendered":"<p>\u0130zmir\u2019den gelen foto\u011fraf tutkunlar\u0131, Manisa\u2019n\u0131n tarihi ve do\u011fal miras\u0131n\u0131 objektifleriyle \u00f6l\u00fcms\u00fczle\u015ftirdi. T\u00fcrkiye Foto\u011fraf\u00e7\u0131lar ve Gezi Kul\u00fcb\u00fc \u0130zmir Grubu, Manisa\u2019da d\u00fczenlenen foto\u011fraf gezisinde kentin tarihi ve do\u011fal g\u00fczelliklerini foto\u011fraflad\u0131. Manisal\u0131 amat\u00f6r foto\u011fraf\u00e7\u0131 \u0130smail Aybey\u2019in rehberli\u011finde ger\u00e7ekle\u015fen gezide, foto\u011fraf severler Manisa\u2019n\u0131n simge mekanlar\u0131na yo\u011fun ilgi g\u00f6sterdi. Manisa\u2019n\u0131n simgelerinden Ulu Park\u2019ta bir araya gelen foto\u011fraf ekibi, ilk olarak&#8230;<\/p>\n","protected":false},"author":1,"featured_media":75797,"comment_status":"open","ping_status":"open","sticky":false,"template":"","format":"standard","meta":{"_crdt_document":"","footnotes":""},"categories":[1],"tags":[],"class_list":["post-75796","post","type-post","status-publish","format-standard","has-post-thumbnail","hentry","category-guncel"],"_links":{"self":[{"href":"https:\/\/www.egemtv.com\/index.php?rest_route=\/wp\/v2\/posts\/75796","targetHints":{"allow":["GET"]}}],"collection":[{"href":"https:\/\/www.egemtv.com\/index.php?rest_route=\/wp\/v2\/posts"}],"about":[{"href":"https:\/\/www.egemtv.com\/index.php?rest_route=\/wp\/v2\/types\/post"}],"author":[{"embeddable":true,"href":"https:\/\/www.egemtv.com\/index.php?rest_route=\/wp\/v2\/users\/1"}],"replies":[{"embeddable":true,"href":"https:\/\/www.egemtv.com\/index.php?rest_route=%2Fwp%2Fv2%2Fcomments&post=75796"}],"version-history":[{"count":1,"href":"https:\/\/www.egemtv.com\/index.php?rest_route=\/wp\/v2\/posts\/75796\/revisions"}],"predecessor-version":[{"id":75798,"href":"https:\/\/www.egemtv.com\/index.php?rest_route=\/wp\/v2\/posts\/75796\/revisions\/75798"}],"wp:featuredmedia":[{"embeddable":true,"href":"https:\/\/www.egemtv.com\/index.php?rest_route=\/wp\/v2\/media\/75797"}],"wp:attachment":[{"href":"https:\/\/www.egemtv.com\/index.php?rest_route=%2Fwp%2Fv2%2Fmedia&parent=75796"}],"wp:term":[{"taxonomy":"category","embeddable":true,"href":"https:\/\/www.egemtv.com\/index.php?rest_route=%2Fwp%2Fv2%2Fcategories&post=75796"},{"taxonomy":"post_tag","embeddable":true,"href":"https:\/\/www.egemtv.com\/index.php?rest_route=%2Fwp%2Fv2%2Ftags&post=75796"}],"curies":[{"name":"wp","href":"https:\/\/api.w.org\/{rel}","templated":true}]}}