{"id":75793,"date":"2025-12-22T12:34:54","date_gmt":"2025-12-22T09:34:54","guid":{"rendered":"https:\/\/www.egemtv.com\/?p=75793"},"modified":"2025-12-22T12:34:55","modified_gmt":"2025-12-22T09:34:55","slug":"usakta-yolcu-tasiyan-midibus-yan-yatti-5-yarali","status":"publish","type":"post","link":"https:\/\/www.egemtv.com\/?p=75793","title":{"rendered":"U\u015fak\u2019ta yolcu ta\u015f\u0131yan midib\u00fcs yan yatt\u0131: 5 yaral\u0131"},"content":{"rendered":"<p>U\u015fak\u2019ta yolcu ta\u015f\u0131yan midib\u00fcs\u00fcn yan yatmas\u0131 sonucu 5 yolcu yaralanarak hastaneye kald\u0131r\u0131ld\u0131.<br \/>\n<br \/>Kaza, Ulubey il\u00e7esine ba\u011fl\u0131 Akke\u00e7ili k\u00f6y\u00fc yak\u0131nlar\u0131nda meydana geldi. Edinilen bilgilere g\u00f6re, S.K. (48) y\u00f6netimindeki 64 SK 066 plakal\u0131 midib\u00fcs, s\u00fcr\u00fcc\u00fcs\u00fcn\u00fcn direksiyon kontrol\u00fcn\u00fc kaybetmesi sonucu yan yatt\u0131.<br \/>\n<br \/>\u00c7evredeki vatanda\u015flar\u0131n durumu 112 Acil \u00c7a\u011fr\u0131 Merkezi\u2019ne bildirmesi \u00fczerine b\u00f6lgeye 112 Sa\u011fl\u0131k, jandarma ve AFAD ekipleri sevk edildi. 112 Sa\u011fl\u0131k ekiplerince midib\u00fcste yolcu konumunda bulunan M.K. (17), B.\u00dc. (20), D.K. (18), G.T. (18) ve \u015e.E.\u015e. (20) U\u015fak\u2019ta bulunan hastanelere kald\u0131r\u0131ld\u0131.<br \/>\n<br \/>Hastaneye kald\u0131r\u0131lan yar\u0131lar\u0131n sa\u011fl\u0131k durumlar\u0131 iyi oldu\u011fu \u00f6\u011frenildi.<br \/>\n<br \/>\u00d6te yandan, s\u00fcr\u00fcc\u00fc S.K. jandarma ekiplerince ifadesi al\u0131nmak \u00fczere karakola g\u00f6t\u00fcr\u00fcl\u00fcrken, midib\u00fcs\u00fcn U\u015fak-E\u015fme aras\u0131 yolcu ta\u015f\u0131mac\u0131l\u0131\u011f\u0131 yapt\u0131\u011f\u0131 \u00f6\u011frenildi.<br \/><\/p>\n","protected":false},"excerpt":{"rendered":"<p>U\u015fak\u2019ta yolcu ta\u015f\u0131yan midib\u00fcs\u00fcn yan yatmas\u0131 sonucu 5 yolcu yaralanarak hastaneye kald\u0131r\u0131ld\u0131. Kaza, Ulubey il\u00e7esine ba\u011fl\u0131 Akke\u00e7ili k\u00f6y\u00fc yak\u0131nlar\u0131nda meydana geldi. Edinilen bilgilere g\u00f6re, S.K. (48) y\u00f6netimindeki 64 SK 066 plakal\u0131 midib\u00fcs, s\u00fcr\u00fcc\u00fcs\u00fcn\u00fcn direksiyon kontrol\u00fcn\u00fc kaybetmesi sonucu yan yatt\u0131. \u00c7evredeki vatanda\u015flar\u0131n durumu 112 Acil \u00c7a\u011fr\u0131 Merkezi\u2019ne bildirmesi \u00fczerine b\u00f6lgeye 112 Sa\u011fl\u0131k, jandarma ve AFAD ekipleri&#8230;<\/p>\n","protected":false},"author":1,"featured_media":75794,"comment_status":"open","ping_status":"open","sticky":false,"template":"","format":"standard","meta":{"_crdt_document":"","footnotes":""},"categories":[5],"tags":[],"class_list":["post-75793","post","type-post","status-publish","format-standard","has-post-thumbnail","hentry","category-asayis"],"_links":{"self":[{"href":"https:\/\/www.egemtv.com\/index.php?rest_route=\/wp\/v2\/posts\/75793","targetHints":{"allow":["GET"]}}],"collection":[{"href":"https:\/\/www.egemtv.com\/index.php?rest_route=\/wp\/v2\/posts"}],"about":[{"href":"https:\/\/www.egemtv.com\/index.php?rest_route=\/wp\/v2\/types\/post"}],"author":[{"embeddable":true,"href":"https:\/\/www.egemtv.com\/index.php?rest_route=\/wp\/v2\/users\/1"}],"replies":[{"embeddable":true,"href":"https:\/\/www.egemtv.com\/index.php?rest_route=%2Fwp%2Fv2%2Fcomments&post=75793"}],"version-history":[{"count":1,"href":"https:\/\/www.egemtv.com\/index.php?rest_route=\/wp\/v2\/posts\/75793\/revisions"}],"predecessor-version":[{"id":75795,"href":"https:\/\/www.egemtv.com\/index.php?rest_route=\/wp\/v2\/posts\/75793\/revisions\/75795"}],"wp:featuredmedia":[{"embeddable":true,"href":"https:\/\/www.egemtv.com\/index.php?rest_route=\/wp\/v2\/media\/75794"}],"wp:attachment":[{"href":"https:\/\/www.egemtv.com\/index.php?rest_route=%2Fwp%2Fv2%2Fmedia&parent=75793"}],"wp:term":[{"taxonomy":"category","embeddable":true,"href":"https:\/\/www.egemtv.com\/index.php?rest_route=%2Fwp%2Fv2%2Fcategories&post=75793"},{"taxonomy":"post_tag","embeddable":true,"href":"https:\/\/www.egemtv.com\/index.php?rest_route=%2Fwp%2Fv2%2Ftags&post=75793"}],"curies":[{"name":"wp","href":"https:\/\/api.w.org\/{rel}","templated":true}]}}