{"id":75790,"date":"2025-12-22T12:34:52","date_gmt":"2025-12-22T09:34:52","guid":{"rendered":"https:\/\/www.egemtv.com\/?p=75790"},"modified":"2025-12-22T12:34:54","modified_gmt":"2025-12-22T09:34:54","slug":"saglikli-nesil-saglikli-gelecek-yarismasina-en-cok-basvuru-yapan-kent-afyon-oldu","status":"publish","type":"post","link":"https:\/\/www.egemtv.com\/?p=75790","title":{"rendered":"\u2018Sa\u011fl\u0131kl\u0131 Nesil Sa\u011fl\u0131kl\u0131 Gelecek\u2019 yar\u0131\u015fmas\u0131na en \u00e7ok ba\u015fvuru yapan kent Afyon oldu"},"content":{"rendered":"<p>Ye\u015filay Afyonkarahisar \u015eube Ba\u015fkan\u0131 Arif Kavas, &#8220;Sa\u011fl\u0131kl\u0131 Nesil Sa\u011fl\u0131kl\u0131 Gelecek&#8221; yar\u0131\u015fmas\u0131nda T\u00fcrkiye genelinde en \u00e7ok ba\u015fvuru yap\u0131lan ikinci ilin Afyonkarahisar oldu\u011funu ifade etti.<br \/>\n<br \/>Kavas, Ye\u015filay Genel Merkez, \u015eube, YEDAM ve REHAB personelleri ile Ye\u015filay Y\u00f6netimi, Ba\u011f\u0131ms\u0131zl\u0131k \u00d6nc\u00fcleri Zirvesi\u2019nde &#8220;Sa\u011fl\u0131kl\u0131 Nesil Sa\u011fl\u0131kl\u0131 Gelecek&#8221; yar\u0131\u015fmas\u0131nda T\u00fcrkiye genelinde en \u00e7ok ba\u015fvuru yap\u0131lan ikinci il olmas\u0131 m\u00fcnasebetiyle \u00f6d\u00fcl ald\u0131. Ye\u015filay Genel Merkez taraf\u0131ndan takdim edilen \u00f6d\u00fcl, Afyonkarahisar\u2019da y\u00fcr\u00fct\u00fclen \u00f6zverili \u00e7al\u0131\u015fmalar\u0131n ve g\u00fc\u00e7l\u00fc i\u015f birli\u011finin \u00f6nemli bir g\u00f6stergesi olarak de\u011ferlendirildi.<br \/>\n<br \/>Kavas elde edilen ba\u015far\u0131n\u0131n; e\u011fitim camias\u0131, \u00f6\u011frenciler, \u00f6\u011fretmenler ve velilerin ortak gayretinin bir sonucu oldu\u011funu belirterek eme\u011fi ge\u00e7en herkese te\u015fekk\u00fcr etti.<br \/><\/p>\n","protected":false},"excerpt":{"rendered":"<p>Ye\u015filay Afyonkarahisar \u015eube Ba\u015fkan\u0131 Arif Kavas, &#8220;Sa\u011fl\u0131kl\u0131 Nesil Sa\u011fl\u0131kl\u0131 Gelecek&#8221; yar\u0131\u015fmas\u0131nda T\u00fcrkiye genelinde en \u00e7ok ba\u015fvuru yap\u0131lan ikinci ilin Afyonkarahisar oldu\u011funu ifade etti. Kavas, Ye\u015filay Genel Merkez, \u015eube, YEDAM ve REHAB personelleri ile Ye\u015filay Y\u00f6netimi, Ba\u011f\u0131ms\u0131zl\u0131k \u00d6nc\u00fcleri Zirvesi\u2019nde &#8220;Sa\u011fl\u0131kl\u0131 Nesil Sa\u011fl\u0131kl\u0131 Gelecek&#8221; yar\u0131\u015fmas\u0131nda T\u00fcrkiye genelinde en \u00e7ok ba\u015fvuru yap\u0131lan ikinci il olmas\u0131 m\u00fcnasebetiyle \u00f6d\u00fcl ald\u0131&#8230;.<\/p>\n","protected":false},"author":1,"featured_media":75791,"comment_status":"open","ping_status":"open","sticky":false,"template":"","format":"standard","meta":{"_crdt_document":"","footnotes":""},"categories":[1],"tags":[],"class_list":["post-75790","post","type-post","status-publish","format-standard","has-post-thumbnail","hentry","category-guncel"],"_links":{"self":[{"href":"https:\/\/www.egemtv.com\/index.php?rest_route=\/wp\/v2\/posts\/75790","targetHints":{"allow":["GET"]}}],"collection":[{"href":"https:\/\/www.egemtv.com\/index.php?rest_route=\/wp\/v2\/posts"}],"about":[{"href":"https:\/\/www.egemtv.com\/index.php?rest_route=\/wp\/v2\/types\/post"}],"author":[{"embeddable":true,"href":"https:\/\/www.egemtv.com\/index.php?rest_route=\/wp\/v2\/users\/1"}],"replies":[{"embeddable":true,"href":"https:\/\/www.egemtv.com\/index.php?rest_route=%2Fwp%2Fv2%2Fcomments&post=75790"}],"version-history":[{"count":1,"href":"https:\/\/www.egemtv.com\/index.php?rest_route=\/wp\/v2\/posts\/75790\/revisions"}],"predecessor-version":[{"id":75792,"href":"https:\/\/www.egemtv.com\/index.php?rest_route=\/wp\/v2\/posts\/75790\/revisions\/75792"}],"wp:featuredmedia":[{"embeddable":true,"href":"https:\/\/www.egemtv.com\/index.php?rest_route=\/wp\/v2\/media\/75791"}],"wp:attachment":[{"href":"https:\/\/www.egemtv.com\/index.php?rest_route=%2Fwp%2Fv2%2Fmedia&parent=75790"}],"wp:term":[{"taxonomy":"category","embeddable":true,"href":"https:\/\/www.egemtv.com\/index.php?rest_route=%2Fwp%2Fv2%2Fcategories&post=75790"},{"taxonomy":"post_tag","embeddable":true,"href":"https:\/\/www.egemtv.com\/index.php?rest_route=%2Fwp%2Fv2%2Ftags&post=75790"}],"curies":[{"name":"wp","href":"https:\/\/api.w.org\/{rel}","templated":true}]}}